{"id":17461,"date":"2021-08-17T12:43:21","date_gmt":"2021-08-17T17:43:21","guid":{"rendered":"https:\/\/encuentroinformativo.com.mx\/?p=17461"},"modified":"2021-08-17T12:43:25","modified_gmt":"2021-08-17T17:43:25","slug":"ampliacion-de-decreto-covid-ocasiono-caos-vial","status":"publish","type":"post","link":"https:\/\/encuentroinformativo.com.mx\/?p=17461","title":{"rendered":"Ampliaci\u00f3n de decreto Covid, ocasion\u00f3 caos vial"},"content":{"rendered":"\n<p><strong>Juan Arcos<\/strong><\/p>\n\n\n\n<p>Xalapa, Ver.- Un caos vehicular ocasion\u00f3 el cierre del primer cuadro de la ciudad de Xalapa, debido a la ampliaci\u00f3n del decreto que establece la segunda semana de medidas extraordinarias contra la tercera ola por SARS-COV-2 (COVID-19).<\/p>\n\n\n\n<p>Las medidas restrictivas impulsadas por el gobernador Cuitl\u00e1huac Garc\u00eda Jim\u00e9nez para frenar la propagaci\u00f3n de la enfermedad, tomaron por sorpresa a los pobladores y conductores.<\/p>\n\n\n\n<p>Se observ\u00f3 un congestionamiento vehicular sobre las calles Xalape\u00f1os Ilustres, Zamora, Zaragoza y Doctor Rafael Lucio.<\/p>\n\n\n\n<p>Agentes de la Direcci\u00f3n General de Tr\u00e1nsito y Seguridad Vial colocaron barricadas y cerraron la vialidad a partir de las 11:40 horas.<\/p>\n\n\n\n<p>De acuerdo con Alicia S\u00e1nchez, pasajera del transporte p\u00fablico, el cierre sobre dichas vialidades es \u201cfavoritista\u201d, toda vez que los elementos de tr\u00e1nsito permitieron el paso solo a ciertas personas, sobre todo a trabajadores del gobierno estatal.<\/p>\n\n\n\n<p>\u201cEstoy viendo que el de tr\u00e1nsito deja pasar a unos y a otros no, pero es un relajo, es o no es, todos estamos en la misma sinton\u00eda o no. Yo no veo que esto sea justo\u201d.<\/p>\n\n\n\n<p>La entrevistada tambi\u00e9n coment\u00f3 que falt\u00f3 difusi\u00f3n en la informaci\u00f3n sobre la ampliaci\u00f3n de las medidas, toda vez que el Centro Hist\u00f3rico solo estar\u00eda cerrado en un horario de siete de la ma\u00f1ana a seis de la tarde, del 10 al 16 de agosto.\u00a0<\/p>\n\n\n\n<p>Cabe recordar que el decreto fue publicado en la Gaceta Oficial del Estado de Veracruz y se ampli\u00f3 hasta el 23 de agosto en la zona centro de los 131 municipios que se encuentran en sem\u00e1foro epidemiol\u00f3gico color rojo, de riesgo m\u00e1ximo de contagio.<\/p>\n\n\n\n<figure class=\"wp-block-image size-large\"><img loading=\"lazy\" decoding=\"async\" width=\"1024\" height=\"768\" src=\"https:\/\/encuentroinformativo.com.mx\/wp-content\/uploads\/2021\/08\/7134787F-FE89-4A04-A3E2-4A11DF3938B4-1024x768.jpeg\" alt=\"\" class=\"wp-image-17463\" srcset=\"https:\/\/encuentroinformativo.com.mx\/wp-content\/uploads\/2021\/08\/7134787F-FE89-4A04-A3E2-4A11DF3938B4-1024x768.jpeg 1024w, https:\/\/encuentroinformativo.com.mx\/wp-content\/uploads\/2021\/08\/7134787F-FE89-4A04-A3E2-4A11DF3938B4-300x225.jpeg 300w, https:\/\/encuentroinformativo.com.mx\/wp-content\/uploads\/2021\/08\/7134787F-FE89-4A04-A3E2-4A11DF3938B4-768x576.jpeg 768w, https:\/\/encuentroinformativo.com.mx\/wp-content\/uploads\/2021\/08\/7134787F-FE89-4A04-A3E2-4A11DF3938B4-1536x1152.jpeg 1536w, https:\/\/encuentroinformativo.com.mx\/wp-content\/uploads\/2021\/08\/7134787F-FE89-4A04-A3E2-4A11DF3938B4.jpeg 1600w\" sizes=\"auto, (max-width: 1024px) 100vw, 1024px\" \/><\/figure>\n","protected":false},"excerpt":{"rendered":"<p>Juan Arcos Xalapa, Ver.- Un caos vehicular ocasion\u00f3 el cierre del primer cuadro de la ciudad de Xalapa, debido a la ampliaci\u00f3n del decreto que establece la segunda semana de medidas extraordinarias contra la tercera ola por SARS-COV-2 (COVID-19). Las medidas restrictivas impulsadas por el gobernador Cuitl\u00e1huac Garc\u00eda Jim\u00e9nez para frenar la propagaci\u00f3n de la [&hellip;]<\/p>\n","protected":false},"author":1,"featured_media":17462,"comment_status":"open","ping_status":"open","sticky":false,"template":"","format":"standard","meta":{"_jetpack_memberships_contains_paid_content":false,"footnotes":""},"categories":[3],"tags":[],"class_list":["post-17461","post","type-post","status-publish","format-standard","has-post-thumbnail","hentry","category-xalapa"],"jetpack_featured_media_url":"https:\/\/encuentroinformativo.com.mx\/wp-content\/uploads\/2021\/08\/E7858378-4173-4F85-AE5A-369578746EE9.jpeg","jetpack_sharing_enabled":true,"jetpack_likes_enabled":true,"amp_enabled":true,"_links":{"self":[{"href":"https:\/\/encuentroinformativo.com.mx\/index.php?rest_route=\/wp\/v2\/posts\/17461","targetHints":{"allow":["GET"]}}],"collection":[{"href":"https:\/\/encuentroinformativo.com.mx\/index.php?rest_route=\/wp\/v2\/posts"}],"about":[{"href":"https:\/\/encuentroinformativo.com.mx\/index.php?rest_route=\/wp\/v2\/types\/post"}],"author":[{"embeddable":true,"href":"https:\/\/encuentroinformativo.com.mx\/index.php?rest_route=\/wp\/v2\/users\/1"}],"replies":[{"embeddable":true,"href":"https:\/\/encuentroinformativo.com.mx\/index.php?rest_route=%2Fwp%2Fv2%2Fcomments&post=17461"}],"version-history":[{"count":1,"href":"https:\/\/encuentroinformativo.com.mx\/index.php?rest_route=\/wp\/v2\/posts\/17461\/revisions"}],"predecessor-version":[{"id":17464,"href":"https:\/\/encuentroinformativo.com.mx\/index.php?rest_route=\/wp\/v2\/posts\/17461\/revisions\/17464"}],"wp:featuredmedia":[{"embeddable":true,"href":"https:\/\/encuentroinformativo.com.mx\/index.php?rest_route=\/wp\/v2\/media\/17462"}],"wp:attachment":[{"href":"https:\/\/encuentroinformativo.com.mx\/index.php?rest_route=%2Fwp%2Fv2%2Fmedia&parent=17461"}],"wp:term":[{"taxonomy":"category","embeddable":true,"href":"https:\/\/encuentroinformativo.com.mx\/index.php?rest_route=%2Fwp%2Fv2%2Fcategories&post=17461"},{"taxonomy":"post_tag","embeddable":true,"href":"https:\/\/encuentroinformativo.com.mx\/index.php?rest_route=%2Fwp%2Fv2%2Ftags&post=17461"}],"curies":[{"name":"wp","href":"https:\/\/api.w.org\/{rel}","templated":true}]}}