{"id":17465,"date":"2021-08-17T12:52:18","date_gmt":"2021-08-17T17:52:18","guid":{"rendered":"https:\/\/encuentroinformativo.com.mx\/?p=17465"},"modified":"2021-08-17T12:52:22","modified_gmt":"2021-08-17T17:52:22","slug":"vendedores-denuncian-ante-fiscalia-a-inspectores-de-comercio","status":"publish","type":"post","link":"https:\/\/encuentroinformativo.com.mx\/?p=17465","title":{"rendered":"Vendedores denuncian ante Fiscal\u00eda a inspectores de comercio"},"content":{"rendered":"\n<p><strong>Dar\u00edo Pale<\/strong><\/p>\n\n\n\n<p>Xalapa, Ver.- Vendedores ambulantes se manifestaron frente a las instalaciones de la Unidad de Atenci\u00f3n Temprana de la Fiscal\u00eda general del Estado (FGE), para denunciar al Subdirector de Comercio en Xalapa Oshman Escudero por retiro de casetas.<\/p>\n\n\n\n<p>Gustavo M\u00e9ndez Gallardo, representante del Frente Popular Revolucionario y del Frente \u00danico de Vendedores Ambulantes en Xalapa refiri\u00f3 que son motivadas por el retiro de casetas de vendedores en la v\u00eda p\u00fablica ocurrido el 17 de julio.<\/p>\n\n\n\n<p>Por lo anterior los vendedores ambulantes de Xalapa denunciaron ante la Fiscal\u00eda Anticorrupci\u00f3n en el estado las presuntas violaciones a sus derechos humanos que en su contra han cometido inspectores de Comercio del Ayuntamiento.<\/p>\n\n\n\n<p>&#8220;Es un procedimiento a nivel nacional donde diferentes organizaciones defensoras de derechos humanos han estado dando seguimiento&#8230; se presentaron sin ninguna orden administrativa, mucho menos una orden judicial. Estos hechos ocurrieron a las 23 con 30 horas&#8221;, se\u00f1al\u00f3.<\/p>\n\n\n\n<p>Finalmente dio a conocer que las denunciantes son dos mujeres comerciantes y esperan que se integren las carpetas de investigaci\u00f3n para emprede eres legal.<\/p>\n\n\n\n<figure class=\"wp-block-image size-large\"><img loading=\"lazy\" decoding=\"async\" width=\"1024\" height=\"768\" src=\"https:\/\/encuentroinformativo.com.mx\/wp-content\/uploads\/2021\/08\/792D05F4-E2E4-4920-B671-84F9C6D7E488-1024x768.jpeg\" alt=\"\" class=\"wp-image-17467\" srcset=\"https:\/\/encuentroinformativo.com.mx\/wp-content\/uploads\/2021\/08\/792D05F4-E2E4-4920-B671-84F9C6D7E488-1024x768.jpeg 1024w, https:\/\/encuentroinformativo.com.mx\/wp-content\/uploads\/2021\/08\/792D05F4-E2E4-4920-B671-84F9C6D7E488-300x225.jpeg 300w, https:\/\/encuentroinformativo.com.mx\/wp-content\/uploads\/2021\/08\/792D05F4-E2E4-4920-B671-84F9C6D7E488-768x576.jpeg 768w, https:\/\/encuentroinformativo.com.mx\/wp-content\/uploads\/2021\/08\/792D05F4-E2E4-4920-B671-84F9C6D7E488.jpeg 1148w\" sizes=\"auto, (max-width: 1024px) 100vw, 1024px\" \/><\/figure>\n","protected":false},"excerpt":{"rendered":"<p>Dar\u00edo Pale Xalapa, Ver.- Vendedores ambulantes se manifestaron frente a las instalaciones de la Unidad de Atenci\u00f3n Temprana de la Fiscal\u00eda general del Estado (FGE), para denunciar al Subdirector de Comercio en Xalapa Oshman Escudero por retiro de casetas. Gustavo M\u00e9ndez Gallardo, representante del Frente Popular Revolucionario y del Frente \u00danico de Vendedores Ambulantes en [&hellip;]<\/p>\n","protected":false},"author":1,"featured_media":17466,"comment_status":"open","ping_status":"open","sticky":false,"template":"","format":"standard","meta":{"_jetpack_memberships_contains_paid_content":false,"footnotes":""},"categories":[3],"tags":[],"class_list":["post-17465","post","type-post","status-publish","format-standard","has-post-thumbnail","hentry","category-xalapa"],"jetpack_featured_media_url":"https:\/\/encuentroinformativo.com.mx\/wp-content\/uploads\/2021\/08\/820514F2-D788-40CA-A5F4-A407591743C8.jpeg","jetpack_sharing_enabled":true,"jetpack_likes_enabled":true,"amp_enabled":true,"_links":{"self":[{"href":"https:\/\/encuentroinformativo.com.mx\/index.php?rest_route=\/wp\/v2\/posts\/17465","targetHints":{"allow":["GET"]}}],"collection":[{"href":"https:\/\/encuentroinformativo.com.mx\/index.php?rest_route=\/wp\/v2\/posts"}],"about":[{"href":"https:\/\/encuentroinformativo.com.mx\/index.php?rest_route=\/wp\/v2\/types\/post"}],"author":[{"embeddable":true,"href":"https:\/\/encuentroinformativo.com.mx\/index.php?rest_route=\/wp\/v2\/users\/1"}],"replies":[{"embeddable":true,"href":"https:\/\/encuentroinformativo.com.mx\/index.php?rest_route=%2Fwp%2Fv2%2Fcomments&post=17465"}],"version-history":[{"count":1,"href":"https:\/\/encuentroinformativo.com.mx\/index.php?rest_route=\/wp\/v2\/posts\/17465\/revisions"}],"predecessor-version":[{"id":17468,"href":"https:\/\/encuentroinformativo.com.mx\/index.php?rest_route=\/wp\/v2\/posts\/17465\/revisions\/17468"}],"wp:featuredmedia":[{"embeddable":true,"href":"https:\/\/encuentroinformativo.com.mx\/index.php?rest_route=\/wp\/v2\/media\/17466"}],"wp:attachment":[{"href":"https:\/\/encuentroinformativo.com.mx\/index.php?rest_route=%2Fwp%2Fv2%2Fmedia&parent=17465"}],"wp:term":[{"taxonomy":"category","embeddable":true,"href":"https:\/\/encuentroinformativo.com.mx\/index.php?rest_route=%2Fwp%2Fv2%2Fcategories&post=17465"},{"taxonomy":"post_tag","embeddable":true,"href":"https:\/\/encuentroinformativo.com.mx\/index.php?rest_route=%2Fwp%2Fv2%2Ftags&post=17465"}],"curies":[{"name":"wp","href":"https:\/\/api.w.org\/{rel}","templated":true}]}}