{"id":17469,"date":"2021-08-17T13:08:30","date_gmt":"2021-08-17T18:08:30","guid":{"rendered":"https:\/\/encuentroinformativo.com.mx\/?p=17469"},"modified":"2021-08-17T13:08:34","modified_gmt":"2021-08-17T18:08:34","slug":"por-falta-de-espacios-clausuran-panteon-de-veracruz-puerto","status":"publish","type":"post","link":"https:\/\/encuentroinformativo.com.mx\/?p=17469","title":{"rendered":"Por falta de espacios, clausuran pante\u00f3n de Veracruz puerto"},"content":{"rendered":"\n<p><strong>*En los meses de julio y agosto aumentaron descesos en m\u00e1s del 50 por ciento, la mayor\u00eda por COVID.<\/strong><\/p>\n\n\n\n<p><strong>Alejandro \u00c1vila<\/strong><\/p>\n\n\n\n<p>Veracruz, Ver.- El Ayuntamiento de Veracruz determin\u00f3 que debido al aumento de muertes en las \u00faltimas semanas y los pocos espacios disponibles, el Pante\u00f3n Municipal no dispondr\u00e1 de espacio para difuntos de otros municipios, inform\u00f3 la regidora Mar\u00eda del Rosario Vera.<\/p>\n\n\n\n<p>La edil record\u00f3 que el Campo Santo que se ubica en la avenida Paseo de la Libertad de la colonia Los Volcanes, le proporciona el terreno a personas, en su mayor\u00eda de escasos recursos, por siete a\u00f1os; posteriormente el cuerpo debe ser exhumado para dar cabida a otra persona.<\/p>\n\n\n\n<p>&#8220;Ya no se va a permitir de otros municipios, de otros estados, inclusive del extranjero. Nosotros siempre hab\u00edamos recibido, siempre, en medida de que ahora tenemos esto de la pandemia, pues se increment\u00f3 demasiado, y pues ya no nos es posible a nosotros seguir apoyando a otros municipios&#8221;.<\/p>\n\n\n\n<p>La edil panista resalt\u00f3 que los ciudadanos del municipio de Veracruz podr\u00e1n seguir llevando a sus muertos a enterrar al lugar, pues son prioridad para el Ayuntamiento y diarimente se liberan espacios, aunque no los suficientes para brinda apoyo a personas de fuera como se hac\u00eda antes.<\/p>\n\n\n\n<p>&#8220;S\u00ed se increment\u00f3 demasiado, si nosotros ten\u00edamos dos inhumaciones o hasta tres, a veces hemos henido hasta 10, y la mayor\u00eda, a veces cuatro o cinco son de COVID. Baj\u00f3 el caso, pero ahorita con esta tercera ola s\u00ed se ha incrementado el caso&#8221;, apunt\u00f3.<\/p>\n\n\n\n<p>Mar\u00eda del Rosario Vera, dijo que durante los meses de julio y agosto se vino el repunte, y eso mismo les reportaron los panteones privados Jard\u00edn y Particular.<\/p>\n\n\n\n<p>Aclar\u00f3 que si una persona trae un difunto de otro municipio de Veracruz o del pa\u00eds, y quiere hacer su tr\u00e1mite municipal para enterrarlo en el Pante\u00f3n Particular, Jard\u00edn o los ubicados en zonas rurales, no habr\u00e1 problema alguno para que se lleven a cabo el papeleo; pues la restricci\u00f3n es unicamente para el Panteon Municipal.<\/p>\n\n\n\n<p>Finalmente, dijo que para inhumaciones solo se permite el ingreso de 10 personas al Panteon; adem\u00e1s, ya est\u00e1n realizando tr\u00e1mites de exhumaci\u00f3n de personas fallecidas en 2014, pues este a\u00f1o cumplen con su tiempo.<\/p>\n","protected":false},"excerpt":{"rendered":"<p>*En los meses de julio y agosto aumentaron descesos en m\u00e1s del 50 por ciento, la mayor\u00eda por COVID. Alejandro \u00c1vila Veracruz, Ver.- El Ayuntamiento de Veracruz determin\u00f3 que debido al aumento de muertes en las \u00faltimas semanas y los pocos espacios disponibles, el Pante\u00f3n Municipal no dispondr\u00e1 de espacio para difuntos de otros municipios, [&hellip;]<\/p>\n","protected":false},"author":1,"featured_media":17470,"comment_status":"open","ping_status":"open","sticky":false,"template":"","format":"standard","meta":{"_jetpack_memberships_contains_paid_content":false,"footnotes":""},"categories":[2],"tags":[],"class_list":["post-17469","post","type-post","status-publish","format-standard","has-post-thumbnail","hentry","category-estado"],"jetpack_featured_media_url":"https:\/\/encuentroinformativo.com.mx\/wp-content\/uploads\/2021\/08\/A70BFC09-16D5-4C2A-889F-6F3D0BCCFB39.jpeg","jetpack_sharing_enabled":true,"jetpack_likes_enabled":true,"amp_enabled":true,"_links":{"self":[{"href":"https:\/\/encuentroinformativo.com.mx\/index.php?rest_route=\/wp\/v2\/posts\/17469","targetHints":{"allow":["GET"]}}],"collection":[{"href":"https:\/\/encuentroinformativo.com.mx\/index.php?rest_route=\/wp\/v2\/posts"}],"about":[{"href":"https:\/\/encuentroinformativo.com.mx\/index.php?rest_route=\/wp\/v2\/types\/post"}],"author":[{"embeddable":true,"href":"https:\/\/encuentroinformativo.com.mx\/index.php?rest_route=\/wp\/v2\/users\/1"}],"replies":[{"embeddable":true,"href":"https:\/\/encuentroinformativo.com.mx\/index.php?rest_route=%2Fwp%2Fv2%2Fcomments&post=17469"}],"version-history":[{"count":1,"href":"https:\/\/encuentroinformativo.com.mx\/index.php?rest_route=\/wp\/v2\/posts\/17469\/revisions"}],"predecessor-version":[{"id":17471,"href":"https:\/\/encuentroinformativo.com.mx\/index.php?rest_route=\/wp\/v2\/posts\/17469\/revisions\/17471"}],"wp:featuredmedia":[{"embeddable":true,"href":"https:\/\/encuentroinformativo.com.mx\/index.php?rest_route=\/wp\/v2\/media\/17470"}],"wp:attachment":[{"href":"https:\/\/encuentroinformativo.com.mx\/index.php?rest_route=%2Fwp%2Fv2%2Fmedia&parent=17469"}],"wp:term":[{"taxonomy":"category","embeddable":true,"href":"https:\/\/encuentroinformativo.com.mx\/index.php?rest_route=%2Fwp%2Fv2%2Fcategories&post=17469"},{"taxonomy":"post_tag","embeddable":true,"href":"https:\/\/encuentroinformativo.com.mx\/index.php?rest_route=%2Fwp%2Fv2%2Ftags&post=17469"}],"curies":[{"name":"wp","href":"https:\/\/api.w.org\/{rel}","templated":true}]}}