{"id":17472,"date":"2021-08-17T14:19:21","date_gmt":"2021-08-17T19:19:21","guid":{"rendered":"https:\/\/encuentroinformativo.com.mx\/?p=17472"},"modified":"2021-08-17T14:19:25","modified_gmt":"2021-08-17T19:19:25","slug":"declaran-alerta-gris-por-grace","status":"publish","type":"post","link":"https:\/\/encuentroinformativo.com.mx\/?p=17472","title":{"rendered":"Declaran Alerta Gris por Grace"},"content":{"rendered":"\n<p><strong>Juan Arcos<\/strong><\/p>\n\n\n\n<p>Xalapa, Ver.- Este martes 17 de agosto fue activada la Alerta Gris en el estado de Veracruz por las lluvias que podr\u00eda ocasionar la tormenta tropical \u201cGrace\u201d, durante su paso por la zona norte de la entidad.<\/p>\n\n\n\n<p>La meteor\u00f3loga del Organismo Cuenca Golfo Centro de la Comisi\u00f3n Nacional del Agua (Conagua), Jessica Iveth Luna Lagunes, indic\u00f3 que, de acuerdo con el pron\u00f3stico, este fen\u00f3meno impactar\u00eda en la Pen\u00ednsula de Yucat\u00e1n, la noche del mi\u00e9rcoles y la madrugada del jueves.<\/p>\n\n\n\n<p>\u201cLa tormenta tropical Grace se localiz\u00f3 esta ma\u00f1ana al Este de Jamaica, se prev\u00e9 siga su rumbo sobre el Mar Caribe\u201d, inform\u00f3 la funcionaria federal.<\/p>\n\n\n\n<p>Detall\u00f3 que la noche del viernes y madrugada del s\u00e1bado estar\u00eda emergi\u00e9ndose al Golfo de M\u00e9xico, principalmente al sur de Tamaulipas y al norte de Veracruz.<\/p>\n\n\n\n<p>La Jefa del Departamento de Hidrometeorolog\u00eda exhort\u00f3 a la poblaci\u00f3n de la cuenca del R\u00edo P\u00e1nuco hasta las cuencas de los r\u00edos Jamapa y Cotaxtla, para que tome las medidas necesarias, debido al incremento significativo en el potencial de lluvias.<\/p>\n\n\n\n<p>Se prev\u00e9n lluvias de 75 a 150 mil\u00edmetros y mayores a \u00e9stas. Adem\u00e1s, se esperan rachas de viento de los 100 a 120 kil\u00f3metros por hora en las zonas de impacto.<\/p>\n\n\n\n<p>\u201cAnte esta situaci\u00f3n hay que estar muy atentos en los niveles de los r\u00edos de respuesta r\u00e1pida, desde la cuenca del P\u00e1nuco hasta la cuenca del Jamapa y Cotaxtla\u201d, a\u00f1adi\u00f3 Luna Lagunes.<\/p>\n\n\n\n<p>La Comisi\u00f3n Nacional del Agua mantiene el monitoreo de la tormenta tropical \u201cGrace\u201d para alertar a la poblaci\u00f3n sobre sus probables efectos.<\/p>\n\n\n\n<p>Por su parte, el gobernador de Veracruz, Cuitl\u00e1huac Garc\u00eda Jim\u00e9nez, advirti\u00f3 que el fen\u00f3meno meteorol\u00f3gico traer\u00e1 lluvias en el norte del estado durante el fin de semana y exhort\u00f3 a la poblaci\u00f3n de esta zona a mantenerse atenta a las indicaciones del Sistema de Protecci\u00f3n Civil.<\/p>\n","protected":false},"excerpt":{"rendered":"<p>Juan Arcos Xalapa, Ver.- Este martes 17 de agosto fue activada la Alerta Gris en el estado de Veracruz por las lluvias que podr\u00eda ocasionar la tormenta tropical \u201cGrace\u201d, durante su paso por la zona norte de la entidad. La meteor\u00f3loga del Organismo Cuenca Golfo Centro de la Comisi\u00f3n Nacional del Agua (Conagua), Jessica Iveth [&hellip;]<\/p>\n","protected":false},"author":1,"featured_media":17473,"comment_status":"open","ping_status":"open","sticky":false,"template":"","format":"standard","meta":{"_jetpack_memberships_contains_paid_content":false,"footnotes":""},"categories":[2],"tags":[],"class_list":["post-17472","post","type-post","status-publish","format-standard","has-post-thumbnail","hentry","category-estado"],"jetpack_featured_media_url":"https:\/\/encuentroinformativo.com.mx\/wp-content\/uploads\/2021\/08\/27219023-5A51-4786-9706-22D71808EEDA.jpeg","jetpack_sharing_enabled":true,"jetpack_likes_enabled":true,"amp_enabled":true,"_links":{"self":[{"href":"https:\/\/encuentroinformativo.com.mx\/index.php?rest_route=\/wp\/v2\/posts\/17472","targetHints":{"allow":["GET"]}}],"collection":[{"href":"https:\/\/encuentroinformativo.com.mx\/index.php?rest_route=\/wp\/v2\/posts"}],"about":[{"href":"https:\/\/encuentroinformativo.com.mx\/index.php?rest_route=\/wp\/v2\/types\/post"}],"author":[{"embeddable":true,"href":"https:\/\/encuentroinformativo.com.mx\/index.php?rest_route=\/wp\/v2\/users\/1"}],"replies":[{"embeddable":true,"href":"https:\/\/encuentroinformativo.com.mx\/index.php?rest_route=%2Fwp%2Fv2%2Fcomments&post=17472"}],"version-history":[{"count":1,"href":"https:\/\/encuentroinformativo.com.mx\/index.php?rest_route=\/wp\/v2\/posts\/17472\/revisions"}],"predecessor-version":[{"id":17474,"href":"https:\/\/encuentroinformativo.com.mx\/index.php?rest_route=\/wp\/v2\/posts\/17472\/revisions\/17474"}],"wp:featuredmedia":[{"embeddable":true,"href":"https:\/\/encuentroinformativo.com.mx\/index.php?rest_route=\/wp\/v2\/media\/17473"}],"wp:attachment":[{"href":"https:\/\/encuentroinformativo.com.mx\/index.php?rest_route=%2Fwp%2Fv2%2Fmedia&parent=17472"}],"wp:term":[{"taxonomy":"category","embeddable":true,"href":"https:\/\/encuentroinformativo.com.mx\/index.php?rest_route=%2Fwp%2Fv2%2Fcategories&post=17472"},{"taxonomy":"post_tag","embeddable":true,"href":"https:\/\/encuentroinformativo.com.mx\/index.php?rest_route=%2Fwp%2Fv2%2Ftags&post=17472"}],"curies":[{"name":"wp","href":"https:\/\/api.w.org\/{rel}","templated":true}]}}