{"id":17481,"date":"2021-08-17T16:44:55","date_gmt":"2021-08-17T21:44:55","guid":{"rendered":"https:\/\/encuentroinformativo.com.mx\/?p=17481"},"modified":"2021-08-17T16:44:59","modified_gmt":"2021-08-17T21:44:59","slug":"enviara-mexico-20-toneladas-de-ayuda-para-haiti","status":"publish","type":"post","link":"https:\/\/encuentroinformativo.com.mx\/?p=17481","title":{"rendered":"Enviar\u00e1 M\u00e9xico 20 toneladas de ayuda para Hait\u00ed"},"content":{"rendered":"\n<p><strong>Alejandro \u00c1vila<\/strong><\/p>\n\n\n\n<p>Veracruz, Ver.- Este martes 17 de agosto inici\u00f3 la carga de ayuda humanitaria que se llevar\u00e1 hasta Hait\u00ed, debido a que el presidente Andr\u00e9s Manuel L\u00f3pez Obrador, anunci\u00f3 hace unos d\u00edas que apoyar\u00edan al pa\u00eds caribe\u00f1o debido a los estragos sufridos por el sismo.<\/p>\n\n\n\n<p>Se estima que 20 toneladas de diversos tipos de ayuda sean cargados en los buques Papaloapan y Libertador, los cuales apenas llegaron este lunes procedentes de Cuba, donde tambi\u00e9n llevaron ayuda humanitaria de M\u00e9xico.<\/p>\n\n\n\n<p>La primera parte del cargamento fue coordinada por la Cruz Roja, quien a trav\u00e9s de su vocero Ernesto D\u00edaz Mora, mencion\u00f3 que el cargamento lleva despensas, equipo de higiene personal, casas de campa\u00f1a y bolsas para dormir.<\/p>\n\n\n\n<p>Expuso que en esta primer carga, no se colocar\u00e1n medicamentos, y dijo desconocer si al momento de zarpar se llevar\u00e1n paramedicos de la Cruz Roja para brindar alg\u00fan apoyo externo en la isla.<\/p>\n\n\n\n<p>Hasta este momento, tampoco se ha dado con certeza la fecha en que partir\u00e1n los buques rumbo a Hait\u00ed, pero se estima pudiera ser el pr\u00f3ximo viernes.<\/p>\n\n\n\n<figure class=\"wp-block-image size-large\"><img loading=\"lazy\" decoding=\"async\" width=\"1024\" height=\"575\" src=\"https:\/\/encuentroinformativo.com.mx\/wp-content\/uploads\/2021\/08\/83E829B1-C70C-4AA4-9ADA-7C40B45F7599-1024x575.jpeg\" alt=\"\" class=\"wp-image-17483\" srcset=\"https:\/\/encuentroinformativo.com.mx\/wp-content\/uploads\/2021\/08\/83E829B1-C70C-4AA4-9ADA-7C40B45F7599-1024x575.jpeg 1024w, https:\/\/encuentroinformativo.com.mx\/wp-content\/uploads\/2021\/08\/83E829B1-C70C-4AA4-9ADA-7C40B45F7599-300x168.jpeg 300w, https:\/\/encuentroinformativo.com.mx\/wp-content\/uploads\/2021\/08\/83E829B1-C70C-4AA4-9ADA-7C40B45F7599-768x431.jpeg 768w, https:\/\/encuentroinformativo.com.mx\/wp-content\/uploads\/2021\/08\/83E829B1-C70C-4AA4-9ADA-7C40B45F7599-1536x862.jpeg 1536w, https:\/\/encuentroinformativo.com.mx\/wp-content\/uploads\/2021\/08\/83E829B1-C70C-4AA4-9ADA-7C40B45F7599.jpeg 1600w\" sizes=\"auto, (max-width: 1024px) 100vw, 1024px\" \/><\/figure>\n","protected":false},"excerpt":{"rendered":"<p>Alejandro \u00c1vila Veracruz, Ver.- Este martes 17 de agosto inici\u00f3 la carga de ayuda humanitaria que se llevar\u00e1 hasta Hait\u00ed, debido a que el presidente Andr\u00e9s Manuel L\u00f3pez Obrador, anunci\u00f3 hace unos d\u00edas que apoyar\u00edan al pa\u00eds caribe\u00f1o debido a los estragos sufridos por el sismo. Se estima que 20 toneladas de diversos tipos de [&hellip;]<\/p>\n","protected":false},"author":1,"featured_media":17482,"comment_status":"open","ping_status":"open","sticky":false,"template":"","format":"standard","meta":{"_jetpack_memberships_contains_paid_content":false,"footnotes":""},"categories":[2],"tags":[],"class_list":["post-17481","post","type-post","status-publish","format-standard","has-post-thumbnail","hentry","category-estado"],"jetpack_featured_media_url":"https:\/\/encuentroinformativo.com.mx\/wp-content\/uploads\/2021\/08\/6C3C59DA-B0A5-44B4-AD52-BE317B1A6139.jpeg","jetpack_sharing_enabled":true,"jetpack_likes_enabled":true,"amp_enabled":true,"_links":{"self":[{"href":"https:\/\/encuentroinformativo.com.mx\/index.php?rest_route=\/wp\/v2\/posts\/17481","targetHints":{"allow":["GET"]}}],"collection":[{"href":"https:\/\/encuentroinformativo.com.mx\/index.php?rest_route=\/wp\/v2\/posts"}],"about":[{"href":"https:\/\/encuentroinformativo.com.mx\/index.php?rest_route=\/wp\/v2\/types\/post"}],"author":[{"embeddable":true,"href":"https:\/\/encuentroinformativo.com.mx\/index.php?rest_route=\/wp\/v2\/users\/1"}],"replies":[{"embeddable":true,"href":"https:\/\/encuentroinformativo.com.mx\/index.php?rest_route=%2Fwp%2Fv2%2Fcomments&post=17481"}],"version-history":[{"count":1,"href":"https:\/\/encuentroinformativo.com.mx\/index.php?rest_route=\/wp\/v2\/posts\/17481\/revisions"}],"predecessor-version":[{"id":17484,"href":"https:\/\/encuentroinformativo.com.mx\/index.php?rest_route=\/wp\/v2\/posts\/17481\/revisions\/17484"}],"wp:featuredmedia":[{"embeddable":true,"href":"https:\/\/encuentroinformativo.com.mx\/index.php?rest_route=\/wp\/v2\/media\/17482"}],"wp:attachment":[{"href":"https:\/\/encuentroinformativo.com.mx\/index.php?rest_route=%2Fwp%2Fv2%2Fmedia&parent=17481"}],"wp:term":[{"taxonomy":"category","embeddable":true,"href":"https:\/\/encuentroinformativo.com.mx\/index.php?rest_route=%2Fwp%2Fv2%2Fcategories&post=17481"},{"taxonomy":"post_tag","embeddable":true,"href":"https:\/\/encuentroinformativo.com.mx\/index.php?rest_route=%2Fwp%2Fv2%2Ftags&post=17481"}],"curies":[{"name":"wp","href":"https:\/\/api.w.org\/{rel}","templated":true}]}}