{"id":17487,"date":"2021-08-18T09:35:17","date_gmt":"2021-08-18T14:35:17","guid":{"rendered":"https:\/\/encuentroinformativo.com.mx\/?p=17487"},"modified":"2021-08-18T09:35:22","modified_gmt":"2021-08-18T14:35:22","slug":"miguel-aleman-esta-en-paris-y-no-seria-extraditado","status":"publish","type":"post","link":"https:\/\/encuentroinformativo.com.mx\/?p=17487","title":{"rendered":"MIGUEL ALEM\u00c1N EST\u00c1 EN PAR\u00cdS Y NO SER\u00cdA EXTRADITADO"},"content":{"rendered":"\n<p><strong>ColumnaSinNombre<br>@pablojair<\/strong><\/p>\n\n\n\n<ul class=\"wp-block-list\"><li>Todav\u00eda no son tiempos de usar la bandera del \u201cpreso pol\u00edtico\u201d.<\/li><li>FGR investigar\u00e1 asesinato de veracruzano en M\u00e9rida.<\/li><li>Coatepec cumple 15, pero envuelto en basura.<\/li><li>Ya a cualquiera le niegan amparo y la sacan de su \u201cofis\u201d.<\/li><li>Que en un mes inauguran la primera de las \u201cCasas de Paz\u201d.<\/li><\/ul>\n\n\n\n<p>Y en los libros de historia, alg\u00fan d\u00eda se leer\u00e1:<br>&#8220;Rub\u00e9n, el terror de los gachupines&#8221;<br>&#8211;Chopenjawer<\/p>\n\n\n\n<p>Este martes 17 de agosto, una de las noticias de revuelo nacional fue que la Fiscal\u00eda General de la Rep\u00fablica (FGR) hab\u00eda solicitado la \u201cficha roja\u201d a la Interpol para la localizaci\u00f3n del empresario Miguel Alem\u00e1n Magnani, hijo del exgobernador de Veracruz Miguel Alem\u00e1n Velasco y nieto de Miguel Alem\u00e1n Vald\u00e9s, \u201cEl Cachorro de la Revoluci\u00f3n\u201d y primer presidente civil del pa\u00eds en la era moderna.<\/p>\n\n\n\n<p>El asunto es por el caso Interjet, la aerol\u00ednea de bajo costo que termin\u00f3 en la quiebra y de la cual se acusa una presunta defraudaci\u00f3n fiscal de 66 millones 285 mil 195 pesos.<\/p>\n\n\n\n<p>La informaci\u00f3n que corri\u00f3 es que Interpol buscar\u00eda a Alem\u00e1n Magnani en m\u00e1s de 190 pa\u00edses luego de que se liberara el 8 de julio la orden de aprehensi\u00f3n por parte de un juez de control de la Ciudad de M\u00e9xico, pero por la tarde-noche sus abogados dieron a conocer que no era necesario que el empresario fuese fichado porque se encontraba en Par\u00eds, Francia, tierra de su madre Christiane Magnani, actriz de la \u00e9poca dorada del cine en M\u00e9xico, conocida art\u00edsticamente como Christiane Martell.<\/p>\n\n\n\n<p>Tal vez cabe comentar que lo de Interpol fue m\u00e1s como un petate del muerto que le funcion\u00f3 a la FGR, porque al menos en la p\u00e1gina web, hasta la noche de este martes, no hab\u00eda ficha roja contra Alem\u00e1n Magnani. (Otro que no aparece es Jorge Winckler, el exfiscal veracruzano, quien se supone es buscado por todo el mundo, aunque s\u00ed aparece en la lista el exgobernador de Chihuahua, C\u00e9sar Duarte, quien ya fue localizado en Estados Unidos. O sea, es un despapaye la lista de Interpol).<\/p>\n\n\n\n<p>Y es que parece que el tema de los Alem\u00e1n s\u00ed lo tomaron muy en serio desde la Presidencia de la Rep\u00fablica, pues aunque en un principio parec\u00eda haber una relaci\u00f3n tersa entre la familia y el presidente Andr\u00e9s Manuel L\u00f3pez Obrador, en los \u00faltimos meses se ha desatado una persecuci\u00f3n judicial que habr\u00edan llevado al ejecutivo de Interjet a exiliarse en el pa\u00eds natal de su progenitora.<\/p>\n\n\n\n<p>Seg\u00fan informaci\u00f3n del diario Reforma, esto le ayudar\u00eda a su conflicto legal pues Francia no extraditar\u00eda a Alem\u00e1n Magnani, quien es ciudadano franc\u00e9s por ser hijo de Do\u00f1a Christiane.<\/p>\n\n\n\n<p>\u201cFrancia no extradita a sus nacionales y s\u00f3lo acepta juzgarlos bajo su legislaci\u00f3n, siempre y cuando el delito tenga un equivalente en su c\u00f3digo\u201d, apunta el diario.<\/p>\n\n\n\n<p>Lo que s\u00ed es evidente que existe una orden para la captura, pero que adem\u00e1s en el \u00e1mbito pol\u00edtico\/empresarial podr\u00eda interpretarse como que van a poner el ejemplo con los Alem\u00e1n sobre que la ley va a ser pareja con todos, que no habr\u00e1 intocables, ni siquiera los mexicanos con pedigr\u00ed.<\/p>\n\n\n\n<p>A Andr\u00e9s Manuel le servir\u00eda mucho la captura de un pez gordo, de ese nivel; pero adem\u00e1s mandar\u00eda el mensaje al resto de esa \u00e9lite: pongan sus barbas a remojar, especialmente los que por a\u00f1os hicieron negocios al amparo del poder en los pasados reg\u00edmenes donde les dieron manga ancha para no pagar impuestos, por ejemplo.<\/p>\n\n\n\n<p>Algo extra\u00f1o debe haber pasado para que se diera ese rompimiento entre los Alem\u00e1n y AMLO, pareciera que el presidente se dio cuenta de algo donde lo mejor para \u00e9l fue zafarse y echar a andar los sabuesos.<\/p>\n\n\n\n<p><strong>NOTA PARA PEGAR EN EL REFRI: <\/strong>Muy raro que el exg\u00f3ber Cascarita no haya reaparecido este martes en sus redes sociales cuando se supo de la vinculaci\u00f3n a proceso contra Lokelio \u201cN\u201d, su cuatacho del alma y cobrador personal de v\u00f3mito negro, quien se quedar\u00e1 un largo rato entambado por los presuntos delitos de extorsi\u00f3n, abuso de autoridad y delitos cometidos por servidores p\u00fablicos. Al parecer, el se\u00f1alado por Lydia Cacho por pederast\u00eda prefiere ocultarse tantito en la sombrita, aunque no tardar\u00e1 en ocupar la bandera de su amigo el \u201cpreso pol\u00edtico\u201d, al que ha apoyado pocas veces p\u00fablicamente pero servir\u00e1 para los fines de la guerra excrementicia que se viene para el 2024 y tratar de posicionar a uno de sus cachorritos.<\/p>\n\n\n\n<p><strong>OTRA NOTA: <\/strong>A trav\u00e9s de un comunicado, la Fiscal\u00eda General de la Rep\u00fablica dio a conocer que atender\u00e1 el caso del joven veracruzano originario de Ciudad Isla, Jos\u00e9 Eduardo Ravelo, presuntamente asesinado por polic\u00edas en M\u00e9rida, Yucat\u00e1n: \u201cAtendiendo a la relevancia y trascendencia social del caso de las agresiones y muerte de una persona en la ciudad de M\u00e9rida, Yucat\u00e1n, y a las diversas denuncias presentadas al respecto, la Fiscal\u00eda General de la Rep\u00fablica (FGR), ha determinado, este d\u00eda, iniciar una carpeta de investigaci\u00f3n, radic\u00e1ndola en la Fiscal\u00eda Especial para la Investigaci\u00f3n del Delito de Tortura. En raz\u00f3n de lo anterior, se ha solicitado a la Fiscal\u00eda General de Justicia del Estado de Yucat\u00e1n, la informaci\u00f3n respectiva para coordinarse con dichas autoridades en el esclarecimiento de los hechos se\u00f1alados. Personal pericial especializado y de investigaci\u00f3n policiaca federal, se trasladar\u00e1 de inmediato a esa entidad para iniciar las diligencias que sean procedentes. La Fiscal\u00eda General de la Rep\u00fablica mantendr\u00e1 informada a la comunidad sobre los resultados que se vayan obteniendo al respecto\u201d.<\/p>\n\n\n\n<p><strong>OTRA NOTA EXTRA:<\/strong> Que este martes cumpli\u00f3 15 a\u00f1os Coatepec de ser nombrado el primer Pueblo M\u00e1gico de Veracruz (en tiempos de Calder\u00f3n), y aunque sigue manteniendo la hermosura, \u00faltimamente el problema de la recolecci\u00f3n de basura es toda una pesadilla por la gran cantidad de bolsas que se ven en las banquetas, cre\u00e1ndose focos de infecci\u00f3n muy desagradables en la v\u00eda p\u00fablica. Este ser\u00e1, sin duda, uno de los grandes retos para el nuevo Ayuntamiento que entrar\u00e1 en unos meses.<\/p>\n\n\n\n<p><strong>OTRA NOTA EXTRA M\u00c1S: <\/strong>Que en el Tribunal Superior de Justicia est\u00e1n con el cotorreo de que si ya cualquier magistrada puede ser corrida de su oficina y neg\u00e1rsele el amparo contra el retiro forzoso por cumplir los 70 a\u00f1os de edad\u2026 Y es que as\u00ed se supo este lunes: que a la magistrada Yolanda Casta\u00f1eda le rechazaron la suspensi\u00f3n solicitada contra ese procedimiento de jubilaci\u00f3n forzada y todo indica que ir\u00e1 a parar al ostracismo, luego de una larga vida disfrutando de las mieles y privilegios del servicio p\u00fablico con poder.<\/p>\n\n\n\n<p><strong>LA \u00daLTIMA PORQUE SEGUNDA DOSIS DE LA ASTRA-Z\u00c9NECA ES DE EFECTOS RETRASADOS<\/strong>: Que ser\u00e1 m\u00e1s o menos en un mes cuando se inaugure en Poza Rica la primera de las \u201cCasas de Paz\u201d, un interesante proyecto donde participan tanto autoridades civiles, como colectivos, la Iglesia Cat\u00f3lica y alianzas de Pastores Evang\u00e9licos, para ayudar a las v\u00edctimas de situaciones de violencia con asistencia psicol\u00f3gica y hasta espiritual. En el caso de Poza Rica, por cierto, se sabe que cont\u00f3 mucho la participaci\u00f3n del hoy Administrador Apost\u00f3lico Sede Vacante de la Arquidi\u00f3cesis de Xalapa, Jos\u00e9 Trinidad Zapata Ortiz, tambi\u00e9n obispo de Papantla\u2026 Por cierto, ya hay rumores de que Don Jos\u00e9 Trinidad estar\u00eda a un paso de ser elegido como nuevo Arzobispo de la capital veracruzana, dadas sus relaciones cercanas con el mero-mero (o sea el Papa Francisco, no Diosito). Al momento no se sabe de cambios en la Arquidi\u00f3cesis, pero estos, eventualmente, se dan.<\/p>\n","protected":false},"excerpt":{"rendered":"<p>ColumnaSinNombre@pablojair Todav\u00eda no son tiempos de usar la bandera del \u201cpreso pol\u00edtico\u201d. FGR investigar\u00e1 asesinato de veracruzano en M\u00e9rida. Coatepec cumple 15, pero envuelto en basura. Ya a cualquiera le niegan amparo y la sacan de su \u201cofis\u201d. Que en un mes inauguran la primera de las \u201cCasas de Paz\u201d. Y en los libros de [&hellip;]<\/p>\n","protected":false},"author":1,"featured_media":488,"comment_status":"open","ping_status":"open","sticky":false,"template":"","format":"standard","meta":{"_jetpack_memberships_contains_paid_content":false,"footnotes":""},"categories":[11],"tags":[],"class_list":["post-17487","post","type-post","status-publish","format-standard","has-post-thumbnail","hentry","category-opinion"],"jetpack_featured_media_url":"https:\/\/encuentroinformativo.com.mx\/wp-content\/uploads\/2020\/03\/F471F608-BA1A-416B-BA7B-BCFB24F4E6D0.jpeg","jetpack_sharing_enabled":true,"jetpack_likes_enabled":true,"amp_enabled":true,"_links":{"self":[{"href":"https:\/\/encuentroinformativo.com.mx\/index.php?rest_route=\/wp\/v2\/posts\/17487","targetHints":{"allow":["GET"]}}],"collection":[{"href":"https:\/\/encuentroinformativo.com.mx\/index.php?rest_route=\/wp\/v2\/posts"}],"about":[{"href":"https:\/\/encuentroinformativo.com.mx\/index.php?rest_route=\/wp\/v2\/types\/post"}],"author":[{"embeddable":true,"href":"https:\/\/encuentroinformativo.com.mx\/index.php?rest_route=\/wp\/v2\/users\/1"}],"replies":[{"embeddable":true,"href":"https:\/\/encuentroinformativo.com.mx\/index.php?rest_route=%2Fwp%2Fv2%2Fcomments&post=17487"}],"version-history":[{"count":1,"href":"https:\/\/encuentroinformativo.com.mx\/index.php?rest_route=\/wp\/v2\/posts\/17487\/revisions"}],"predecessor-version":[{"id":17488,"href":"https:\/\/encuentroinformativo.com.mx\/index.php?rest_route=\/wp\/v2\/posts\/17487\/revisions\/17488"}],"wp:featuredmedia":[{"embeddable":true,"href":"https:\/\/encuentroinformativo.com.mx\/index.php?rest_route=\/wp\/v2\/media\/488"}],"wp:attachment":[{"href":"https:\/\/encuentroinformativo.com.mx\/index.php?rest_route=%2Fwp%2Fv2%2Fmedia&parent=17487"}],"wp:term":[{"taxonomy":"category","embeddable":true,"href":"https:\/\/encuentroinformativo.com.mx\/index.php?rest_route=%2Fwp%2Fv2%2Fcategories&post=17487"},{"taxonomy":"post_tag","embeddable":true,"href":"https:\/\/encuentroinformativo.com.mx\/index.php?rest_route=%2Fwp%2Fv2%2Ftags&post=17487"}],"curies":[{"name":"wp","href":"https:\/\/api.w.org\/{rel}","templated":true}]}}