{"id":17491,"date":"2021-08-18T11:31:17","date_gmt":"2021-08-18T16:31:17","guid":{"rendered":"https:\/\/encuentroinformativo.com.mx\/?p=17491"},"modified":"2021-08-18T11:31:21","modified_gmt":"2021-08-18T16:31:21","slug":"cierres-viales-desploman-ventas-en-las-trancas-se-quejan-comerciantes","status":"publish","type":"post","link":"https:\/\/encuentroinformativo.com.mx\/?p=17491","title":{"rendered":"Cierres viales; desploman ventas en Las Trancas, se quejan comerciantes"},"content":{"rendered":"\n<p><strong>Juan Arcos\/Dar\u00edo Pale <\/strong><\/p>\n\n\n\n<p>Xalapa, Ver.- Comerciantes y peque\u00f1os empresarios de la zona de Las Trancas se pronunciaron en contra del cierre de la calle Principal por la ampliaci\u00f3n del decreto contra la tercera ola de SARS-COV-2 (COVID-19) hasta el pr\u00f3ximo 23 de agosto, debido a las p\u00e9rdidas econ\u00f3micas que esto representa.<\/p>\n\n\n\n<p>Los afectados amagan con bloquear la carretera federal Xalapa-Veracruz, en ambos sentidos, acciones que llevaron a cabo el a\u00f1o pasado por el mismo motivo.<\/p>\n\n\n\n<p>Cabe recordar que agentes de tr\u00e1nsito y de la Polic\u00eda Estatal cierran el corredor comercial que une a los municipios de Emiliano Zapata y Xalapa.<\/p>\n\n\n\n<p>De acuerdo con el restaurantero Juan Ch\u00e1vez Cruz, son m\u00e1s de 150 negocios de distintos giros que se han visto afectados con las medidas restrictivas por parte del gobierno estatal para frenar los contagios.<\/p>\n\n\n\n<p>En la zona se observan farmacias, ferreter\u00edas, taquer\u00edas, abarroteras, papeler\u00edas, tortiller\u00edas y dem\u00e1s establecimientos, en su mayor\u00eda de primera necesidad.<\/p>\n\n\n\n<p>A casi a\u00f1o y medio de pandemia, los comerciantes reportan una disminuci\u00f3n en ventas de hasta 70 por ciento. Incluso, han cerrado varios negocios, como papeler\u00edas, taquer\u00edas y tortiller\u00edas.<\/p>\n\n\n\n<p>El entrevistado consider\u00f3 que las disposiciones oficiales son \u201cinjustas\u201d, toda vez que las plazas comerciales de la zona ocasionan aglomeraciones y los negocios, sobre todo bares y antros, contin\u00faan abiertos.<\/p>\n\n\n\n<p>Adem\u00e1s que dijo cerrarles el acceso principal no va a evitar que las personas se contagien si en los lugares donde se venden bebidas alcoh\u00f3licas no se guarda la sana distancia y no se ocupan los protocolos necesarios de sanidad.<\/p>\n\n\n\n<p>El cerrar el paso afecta mucho su econom\u00eda ya que tienen que pagar rentas, agua, luz, salarios, entre otras cosas y deben de sacar el sustento para alimentar a sus familias, les cierran en quincena y ahora de nueva cuenta les vuelven a cerrar, y les han dicho que se van a realizar m\u00e1s.<\/p>\n\n\n\n<p>&#8220;Nuestros compa\u00f1eros est\u00e1n sumamente desesperados y la acci\u00f3n que vamos a tomar si no nos abren vamos a tener que tomar la carretera para que las autoridades vengan y platiquen con nosotros porque hemos tenido el acercamiento pero no nos dan la respuesta ni Xalapa ni en Emiliano Zapata nos han dado ning\u00fan tipo de respuesta&#8221; se\u00f1al\u00f3.<\/p>\n\n\n\n<figure class=\"wp-block-image size-large\"><img loading=\"lazy\" decoding=\"async\" width=\"1024\" height=\"514\" src=\"https:\/\/encuentroinformativo.com.mx\/wp-content\/uploads\/2021\/08\/9B855FD7-6F87-45BB-A305-D9D03166C2C9-1024x514.jpeg\" alt=\"\" class=\"wp-image-17493\" srcset=\"https:\/\/encuentroinformativo.com.mx\/wp-content\/uploads\/2021\/08\/9B855FD7-6F87-45BB-A305-D9D03166C2C9-1024x514.jpeg 1024w, https:\/\/encuentroinformativo.com.mx\/wp-content\/uploads\/2021\/08\/9B855FD7-6F87-45BB-A305-D9D03166C2C9-300x151.jpeg 300w, https:\/\/encuentroinformativo.com.mx\/wp-content\/uploads\/2021\/08\/9B855FD7-6F87-45BB-A305-D9D03166C2C9-768x386.jpeg 768w, https:\/\/encuentroinformativo.com.mx\/wp-content\/uploads\/2021\/08\/9B855FD7-6F87-45BB-A305-D9D03166C2C9.jpeg 1280w\" sizes=\"auto, (max-width: 1024px) 100vw, 1024px\" \/><\/figure>\n\n\n\n<p><br><\/p>\n\n\n\n<p>\u00a0<br><\/p>\n\n\n\n<p>Ch\u00e1vez Cruz se\u00f1al\u00f3 que se ha dificultado el pago de servicios y la renta de cada negocio; sin embargo, el gobierno insiste en restringir la vialidad para evitar contagios.<\/p>\n","protected":false},"excerpt":{"rendered":"<p>Juan Arcos\/Dar\u00edo Pale Xalapa, Ver.- Comerciantes y peque\u00f1os empresarios de la zona de Las Trancas se pronunciaron en contra del cierre de la calle Principal por la ampliaci\u00f3n del decreto contra la tercera ola de SARS-COV-2 (COVID-19) hasta el pr\u00f3ximo 23 de agosto, debido a las p\u00e9rdidas econ\u00f3micas que esto representa. Los afectados amagan con [&hellip;]<\/p>\n","protected":false},"author":1,"featured_media":17492,"comment_status":"open","ping_status":"open","sticky":false,"template":"","format":"standard","meta":{"_jetpack_memberships_contains_paid_content":false,"footnotes":""},"categories":[8],"tags":[],"class_list":["post-17491","post","type-post","status-publish","format-standard","has-post-thumbnail","hentry","category-region"],"jetpack_featured_media_url":"https:\/\/encuentroinformativo.com.mx\/wp-content\/uploads\/2021\/08\/390105B8-3B2F-486B-8F82-BB3EEEE51739.jpeg","jetpack_sharing_enabled":true,"jetpack_likes_enabled":true,"amp_enabled":true,"_links":{"self":[{"href":"https:\/\/encuentroinformativo.com.mx\/index.php?rest_route=\/wp\/v2\/posts\/17491","targetHints":{"allow":["GET"]}}],"collection":[{"href":"https:\/\/encuentroinformativo.com.mx\/index.php?rest_route=\/wp\/v2\/posts"}],"about":[{"href":"https:\/\/encuentroinformativo.com.mx\/index.php?rest_route=\/wp\/v2\/types\/post"}],"author":[{"embeddable":true,"href":"https:\/\/encuentroinformativo.com.mx\/index.php?rest_route=\/wp\/v2\/users\/1"}],"replies":[{"embeddable":true,"href":"https:\/\/encuentroinformativo.com.mx\/index.php?rest_route=%2Fwp%2Fv2%2Fcomments&post=17491"}],"version-history":[{"count":1,"href":"https:\/\/encuentroinformativo.com.mx\/index.php?rest_route=\/wp\/v2\/posts\/17491\/revisions"}],"predecessor-version":[{"id":17494,"href":"https:\/\/encuentroinformativo.com.mx\/index.php?rest_route=\/wp\/v2\/posts\/17491\/revisions\/17494"}],"wp:featuredmedia":[{"embeddable":true,"href":"https:\/\/encuentroinformativo.com.mx\/index.php?rest_route=\/wp\/v2\/media\/17492"}],"wp:attachment":[{"href":"https:\/\/encuentroinformativo.com.mx\/index.php?rest_route=%2Fwp%2Fv2%2Fmedia&parent=17491"}],"wp:term":[{"taxonomy":"category","embeddable":true,"href":"https:\/\/encuentroinformativo.com.mx\/index.php?rest_route=%2Fwp%2Fv2%2Fcategories&post=17491"},{"taxonomy":"post_tag","embeddable":true,"href":"https:\/\/encuentroinformativo.com.mx\/index.php?rest_route=%2Fwp%2Fv2%2Ftags&post=17491"}],"curies":[{"name":"wp","href":"https:\/\/api.w.org\/{rel}","templated":true}]}}