{"id":17499,"date":"2021-08-18T14:22:00","date_gmt":"2021-08-18T19:22:00","guid":{"rendered":"https:\/\/encuentroinformativo.com.mx\/?p=17499"},"modified":"2021-08-18T14:22:04","modified_gmt":"2021-08-18T19:22:04","slug":"padres-demandan-protocolo-de-bioseguridad-para-retorno-a-clases","status":"publish","type":"post","link":"https:\/\/encuentroinformativo.com.mx\/?p=17499","title":{"rendered":"Padres demandan protocolo de bioseguridad para retorno a clases"},"content":{"rendered":"\n<p><strong>Dar\u00edo Pale <\/strong><\/p>\n\n\n\n<p>Xalapa, Ver.- Exigen a las diferentes dependencias de gobierno del estado para que informen cu\u00e1l ser\u00e1 el &#8220;protocolo de bioseguridad&#8221; que se aplicar\u00e1 en los planteles escolares para el regreso a las clases presenciales, as\u00ed lo se\u00f1alaron un grupo de padres de familia de tres diferentes planteles educativos.<\/p>\n\n\n\n<p>Entrevistado en los pasillos de conocido caf\u00e9 del centro de Xalapa, Mario Gallegos uno de los padres de familia, se\u00f1alo que muchos expertos hablan que la pandemia no se terminar\u00e1 este a\u00f1o, ni el siguiente, mientras los ni\u00f1os se est\u00e1n viendo afectados, porque no hay un programa real en l\u00ednea.<\/p>\n\n\n\n<p>Dio a conocer que los oficios est\u00e1n firmados por un total de 45 padres de familia, de tres escuelas primarias, aunque s\u00f3lo record\u00f3 el nombre de una de \u00e9stas, la &#8220;Libertad Hern\u00e1ndez&#8221;, ubicada en el fraccionamiento Bugambilias, as\u00ed como de la escuela primaria ubicada en la calle Luis Donaldo Colosio, de la colonia Marina Nacional y, la primaria ubicada en la calle L\u00edderes, de la colonia Uni\u00f3n.<\/p>\n\n\n\n<p>El padre de familia preocupado pidi\u00f3 el apoyo a m\u00e1s padres de familia para tener m\u00e1s fuerza y el Gobierno sepa y entienda de que tienen miedo de que sus hijos vayan a morir, &#8220;las  estad\u00edsticas dicen que el 8 por ciento de los contagiados se mueren, eso quiere decir que si cien ni\u00f1os se contagian, ocho van a morir, yo no quiero que sean mis hijas&#8221;.<\/p>\n\n\n\n<p>Por su parte, el abogado Roberto Menchaca Burgos, explic\u00f3 que con base en el art\u00edculo 8 Constitucional, tienen derecho de petici\u00f3n y lo que est\u00e1n haciendo es preguntar cu\u00e1les ser\u00e1n los protocolos reales.<\/p>\n\n\n\n<p>Adelant\u00f3 que si no obtienen una respuesta a sus peticiones acudir\u00e1n ante otras instancias jurisdiccionales, incluso hasta la Corte Interamericana de Derechos Humanos.<\/p>\n\n\n\n<p>Finalmente se\u00f1al\u00f3 que, &#8220;no vamos a dejar pasar este momento para que despu\u00e9s muchos estemos llorando&#8221;.<\/p>\n","protected":false},"excerpt":{"rendered":"<p>Dar\u00edo Pale Xalapa, Ver.- Exigen a las diferentes dependencias de gobierno del estado para que informen cu\u00e1l ser\u00e1 el &#8220;protocolo de bioseguridad&#8221; que se aplicar\u00e1 en los planteles escolares para el regreso a las clases presenciales, as\u00ed lo se\u00f1alaron un grupo de padres de familia de tres diferentes planteles educativos. Entrevistado en los pasillos de [&hellip;]<\/p>\n","protected":false},"author":1,"featured_media":17500,"comment_status":"open","ping_status":"open","sticky":false,"template":"","format":"standard","meta":{"_jetpack_memberships_contains_paid_content":false,"footnotes":""},"categories":[3],"tags":[],"class_list":["post-17499","post","type-post","status-publish","format-standard","has-post-thumbnail","hentry","category-xalapa"],"jetpack_featured_media_url":"https:\/\/encuentroinformativo.com.mx\/wp-content\/uploads\/2021\/08\/B8E4ABBA-176B-4EC2-8946-3F313A39AC2D.jpeg","jetpack_sharing_enabled":true,"jetpack_likes_enabled":true,"amp_enabled":true,"_links":{"self":[{"href":"https:\/\/encuentroinformativo.com.mx\/index.php?rest_route=\/wp\/v2\/posts\/17499","targetHints":{"allow":["GET"]}}],"collection":[{"href":"https:\/\/encuentroinformativo.com.mx\/index.php?rest_route=\/wp\/v2\/posts"}],"about":[{"href":"https:\/\/encuentroinformativo.com.mx\/index.php?rest_route=\/wp\/v2\/types\/post"}],"author":[{"embeddable":true,"href":"https:\/\/encuentroinformativo.com.mx\/index.php?rest_route=\/wp\/v2\/users\/1"}],"replies":[{"embeddable":true,"href":"https:\/\/encuentroinformativo.com.mx\/index.php?rest_route=%2Fwp%2Fv2%2Fcomments&post=17499"}],"version-history":[{"count":1,"href":"https:\/\/encuentroinformativo.com.mx\/index.php?rest_route=\/wp\/v2\/posts\/17499\/revisions"}],"predecessor-version":[{"id":17501,"href":"https:\/\/encuentroinformativo.com.mx\/index.php?rest_route=\/wp\/v2\/posts\/17499\/revisions\/17501"}],"wp:featuredmedia":[{"embeddable":true,"href":"https:\/\/encuentroinformativo.com.mx\/index.php?rest_route=\/wp\/v2\/media\/17500"}],"wp:attachment":[{"href":"https:\/\/encuentroinformativo.com.mx\/index.php?rest_route=%2Fwp%2Fv2%2Fmedia&parent=17499"}],"wp:term":[{"taxonomy":"category","embeddable":true,"href":"https:\/\/encuentroinformativo.com.mx\/index.php?rest_route=%2Fwp%2Fv2%2Fcategories&post=17499"},{"taxonomy":"post_tag","embeddable":true,"href":"https:\/\/encuentroinformativo.com.mx\/index.php?rest_route=%2Fwp%2Fv2%2Ftags&post=17499"}],"curies":[{"name":"wp","href":"https:\/\/api.w.org\/{rel}","templated":true}]}}