{"id":17508,"date":"2021-08-18T15:21:02","date_gmt":"2021-08-18T20:21:02","guid":{"rendered":"https:\/\/encuentroinformativo.com.mx\/?p=17508"},"modified":"2021-08-18T15:54:50","modified_gmt":"2021-08-18T20:54:50","slug":"comerciantes-logran-acuerdos-cierres-seran-intermitentes","status":"publish","type":"post","link":"https:\/\/encuentroinformativo.com.mx\/?p=17508","title":{"rendered":"Comerciantes logran acuerdos, cierres ser\u00e1n intermitentes"},"content":{"rendered":"\n<p><strong>Juan Arcos<\/strong> <\/p>\n\n\n\n<p>Xalapa, Ver.- Comerciantes del Centro Hist\u00f3rico de Xalapa lograron un acuerdo con autoridades del gobierno estatal para evitar afectaciones econ\u00f3micas con la ampliaci\u00f3n del decreto por la tercera ola de SARS-COV-2 (COVID-19).<\/p>\n\n\n\n<p>Los peque\u00f1os empresarios protestaron y cerraron las calles Xalape\u00f1os Ilustres, Santos Degollado y Arteaga, en rechazo a las medidas restrictivas para frenar los contagios.<\/p>\n\n\n\n<p>Alrededor de las 13:30 horas, despu\u00e9s de dialogar con representantes de la administraci\u00f3n estatal, liberaron el plant\u00f3n al ser atendidas sus demandas.<\/p>\n\n\n\n<p>El acuerdo establece que la vialidad permanecer\u00e1 cerrada una hora y posteriormente ser\u00e1 liberada durante dos horas.<\/p>\n\n\n\n<p>Esta situaci\u00f3n se mantendr\u00e1 en el lapso de siete de la ma\u00f1ana a seis de la tarde, como lo establece el decreto publicado en la Gaceta Oficial del Estado de Veracruz.<\/p>\n\n\n\n<p>Los comerciantes argumentaron que las restricciones viales en el centro de Xalapa han contribuido a la quiebra y cierre definitivo de negocios.<\/p>\n\n\n\n<p>Cabe recordar que estas personas se manifestaron despu\u00e9s de las 11 de la ma\u00f1ana y se retiraron despu\u00e9s de tres horas y media, durante este mi\u00e9rcoles.<\/p>\n","protected":false},"excerpt":{"rendered":"<p>Juan Arcos Xalapa, Ver.- Comerciantes del Centro Hist\u00f3rico de Xalapa lograron un acuerdo con autoridades del gobierno estatal para evitar afectaciones econ\u00f3micas con la ampliaci\u00f3n del decreto por la tercera ola de SARS-COV-2 (COVID-19). Los peque\u00f1os empresarios protestaron y cerraron las calles Xalape\u00f1os Ilustres, Santos Degollado y Arteaga, en rechazo a las medidas restrictivas para [&hellip;]<\/p>\n","protected":false},"author":1,"featured_media":17517,"comment_status":"open","ping_status":"open","sticky":false,"template":"","format":"standard","meta":{"_jetpack_memberships_contains_paid_content":false,"footnotes":""},"categories":[3],"tags":[],"class_list":["post-17508","post","type-post","status-publish","format-standard","has-post-thumbnail","hentry","category-xalapa"],"jetpack_featured_media_url":"https:\/\/encuentroinformativo.com.mx\/wp-content\/uploads\/2021\/08\/003832E8-80D8-45F0-8709-3F838AF1FBF5.jpeg","jetpack_sharing_enabled":true,"jetpack_likes_enabled":true,"amp_enabled":true,"_links":{"self":[{"href":"https:\/\/encuentroinformativo.com.mx\/index.php?rest_route=\/wp\/v2\/posts\/17508","targetHints":{"allow":["GET"]}}],"collection":[{"href":"https:\/\/encuentroinformativo.com.mx\/index.php?rest_route=\/wp\/v2\/posts"}],"about":[{"href":"https:\/\/encuentroinformativo.com.mx\/index.php?rest_route=\/wp\/v2\/types\/post"}],"author":[{"embeddable":true,"href":"https:\/\/encuentroinformativo.com.mx\/index.php?rest_route=\/wp\/v2\/users\/1"}],"replies":[{"embeddable":true,"href":"https:\/\/encuentroinformativo.com.mx\/index.php?rest_route=%2Fwp%2Fv2%2Fcomments&post=17508"}],"version-history":[{"count":1,"href":"https:\/\/encuentroinformativo.com.mx\/index.php?rest_route=\/wp\/v2\/posts\/17508\/revisions"}],"predecessor-version":[{"id":17509,"href":"https:\/\/encuentroinformativo.com.mx\/index.php?rest_route=\/wp\/v2\/posts\/17508\/revisions\/17509"}],"wp:featuredmedia":[{"embeddable":true,"href":"https:\/\/encuentroinformativo.com.mx\/index.php?rest_route=\/wp\/v2\/media\/17517"}],"wp:attachment":[{"href":"https:\/\/encuentroinformativo.com.mx\/index.php?rest_route=%2Fwp%2Fv2%2Fmedia&parent=17508"}],"wp:term":[{"taxonomy":"category","embeddable":true,"href":"https:\/\/encuentroinformativo.com.mx\/index.php?rest_route=%2Fwp%2Fv2%2Fcategories&post=17508"},{"taxonomy":"post_tag","embeddable":true,"href":"https:\/\/encuentroinformativo.com.mx\/index.php?rest_route=%2Fwp%2Fv2%2Ftags&post=17508"}],"curies":[{"name":"wp","href":"https:\/\/api.w.org\/{rel}","templated":true}]}}