{"id":17510,"date":"2021-08-18T15:24:31","date_gmt":"2021-08-18T20:24:31","guid":{"rendered":"https:\/\/encuentroinformativo.com.mx\/?p=17510"},"modified":"2021-08-18T15:24:35","modified_gmt":"2021-08-18T20:24:35","slug":"descartan-autoridades-posible-impacto-de-grace-en-veracruz-puerto","status":"publish","type":"post","link":"https:\/\/encuentroinformativo.com.mx\/?p=17510","title":{"rendered":"Descartan autoridades posible impacto de Grace en Veracruz puerto"},"content":{"rendered":"\n<p><strong>Alejandro \u00c1vila<\/strong><\/p>\n\n\n\n<p>Veracruz, Ver. &#8211; El monitoreo sobre el hurac\u00e1n \u201cGrace\u201d es constante en el municipio de Veracruz, tras el reporte de este lunes a las 6 de la ma\u00f1ana se indica que, si el fen\u00f3meno meteorol\u00f3gico llegara a impactar en territorio veracruzano, ser\u00eda cerca del municipio de Poza Rica y dejar\u00eda estragos muy leves en la ciudad de Veracruz.<\/p>\n\n\n\n<p>Ante esta situaci\u00f3n, el alcalde Fernando Yunes M\u00e1rquez, dijo que no son ajenos y se encuentran preparados para cualquier eventualidad, sobre todo de las lluvias que dejar\u00e1 probablemente la madrugada y parte de la ma\u00f1ana del s\u00e1bado 21 de agosto.<\/p>\n\n\n\n<p>\u201cEstamos tomando todas las medidas, principalmente de limpieza, todos los elementos de Protecci\u00f3n Civil est\u00e1n listos, las bombas del canal de La Zamorana igualmente funcionando y echadas a andar de hecho, ayer mismos se coloc\u00f3 una nueva por parte de la CAEV. Y bueno, estamos preparados, pero sobre todo es muy importante seguir monitoreando cada vez que haya este reporte para saber cual es el destino que tiene, sabemos que estos fen\u00f3menos naturales de repente cambian de direcci\u00f3n, ojal\u00e1 se degrade y no llegue a pegar como hurac\u00e1n en ninguna parte del territorio veracruzano, pero estamos listos\u201d, asest\u00f3.<\/p>\n\n\n\n<p>El edil panista solicit\u00f3 a la poblaci\u00f3n apoyar al Ayuntamiento no sacando la basura a deshoras, pues resalt\u00f3 que es el problema m\u00e1s com\u00fan cada d\u00eda que hay lluvia, el que la basura tapa traga tormentas y drenajes y se provocan las inundaciones; al tiempo que pidi\u00f3 estar al pendiente de las alertas federales y estatales para poder tomar alguna precauci\u00f3n adicional.<\/p>\n\n\n\n<p>En otro tema y para finalizar, calific\u00f3 como una \u201cbofetada\u201d la entrega de doble recibo de luz en pr\u00f3ximas fechas por parte de la Comisi\u00f3n Federal de Electricidad (CFE), ya que se le pega un golpe devastador a los bolsillos de los veracruzanos, siendo que la energ\u00eda el\u00e9ctrica en el Estado es de las m\u00e1s altas en toda la rep\u00fablica mexicana.<\/p>\n","protected":false},"excerpt":{"rendered":"<p>Alejandro \u00c1vila Veracruz, Ver. &#8211; El monitoreo sobre el hurac\u00e1n \u201cGrace\u201d es constante en el municipio de Veracruz, tras el reporte de este lunes a las 6 de la ma\u00f1ana se indica que, si el fen\u00f3meno meteorol\u00f3gico llegara a impactar en territorio veracruzano, ser\u00eda cerca del municipio de Poza Rica y dejar\u00eda estragos muy leves [&hellip;]<\/p>\n","protected":false},"author":1,"featured_media":17511,"comment_status":"open","ping_status":"open","sticky":false,"template":"","format":"standard","meta":{"_jetpack_memberships_contains_paid_content":false,"footnotes":""},"categories":[2],"tags":[],"class_list":["post-17510","post","type-post","status-publish","format-standard","has-post-thumbnail","hentry","category-estado"],"jetpack_featured_media_url":"https:\/\/encuentroinformativo.com.mx\/wp-content\/uploads\/2021\/08\/F9CAB312-2034-4966-A967-DC723F6D01AC.jpeg","jetpack_sharing_enabled":true,"jetpack_likes_enabled":true,"amp_enabled":true,"_links":{"self":[{"href":"https:\/\/encuentroinformativo.com.mx\/index.php?rest_route=\/wp\/v2\/posts\/17510","targetHints":{"allow":["GET"]}}],"collection":[{"href":"https:\/\/encuentroinformativo.com.mx\/index.php?rest_route=\/wp\/v2\/posts"}],"about":[{"href":"https:\/\/encuentroinformativo.com.mx\/index.php?rest_route=\/wp\/v2\/types\/post"}],"author":[{"embeddable":true,"href":"https:\/\/encuentroinformativo.com.mx\/index.php?rest_route=\/wp\/v2\/users\/1"}],"replies":[{"embeddable":true,"href":"https:\/\/encuentroinformativo.com.mx\/index.php?rest_route=%2Fwp%2Fv2%2Fcomments&post=17510"}],"version-history":[{"count":1,"href":"https:\/\/encuentroinformativo.com.mx\/index.php?rest_route=\/wp\/v2\/posts\/17510\/revisions"}],"predecessor-version":[{"id":17512,"href":"https:\/\/encuentroinformativo.com.mx\/index.php?rest_route=\/wp\/v2\/posts\/17510\/revisions\/17512"}],"wp:featuredmedia":[{"embeddable":true,"href":"https:\/\/encuentroinformativo.com.mx\/index.php?rest_route=\/wp\/v2\/media\/17511"}],"wp:attachment":[{"href":"https:\/\/encuentroinformativo.com.mx\/index.php?rest_route=%2Fwp%2Fv2%2Fmedia&parent=17510"}],"wp:term":[{"taxonomy":"category","embeddable":true,"href":"https:\/\/encuentroinformativo.com.mx\/index.php?rest_route=%2Fwp%2Fv2%2Fcategories&post=17510"},{"taxonomy":"post_tag","embeddable":true,"href":"https:\/\/encuentroinformativo.com.mx\/index.php?rest_route=%2Fwp%2Fv2%2Ftags&post=17510"}],"curies":[{"name":"wp","href":"https:\/\/api.w.org\/{rel}","templated":true}]}}