{"id":17518,"date":"2021-08-18T16:27:41","date_gmt":"2021-08-18T21:27:41","guid":{"rendered":"https:\/\/encuentroinformativo.com.mx\/?p=17518"},"modified":"2021-08-18T16:27:45","modified_gmt":"2021-08-18T21:27:45","slug":"dif-municipal-brindo-resguardado-a-30-ninos-migrantes","status":"publish","type":"post","link":"https:\/\/encuentroinformativo.com.mx\/?p=17518","title":{"rendered":"DIF Municipal brind\u00f3 resguardado a 30 ni\u00f1os migrantes"},"content":{"rendered":"\n<p><strong>Alejandro \u00c1vila<\/strong><\/p>\n\n\n\n<p>Veracruz, Ver.- Tan solo en los meses que han transcurrido del 2021, han sido 30 ni\u00f1os migrantes los que han sido dejados en resguardo del DIF Municipal de Veracruz, mencion\u00f3 el Procurador de la Defensa del Menor, Ibis Dom\u00ednguez Maldonado.<\/p>\n\n\n\n<p>El funcionario municipal detall\u00f3 que evidentemente, los aseguramientos los hace el Instituto Nacional de Migraci\u00f3n, quien a su vez realiza el proceso de repatriaci\u00f3n, pero de manera preventiva, los menores de edad, en su mayor\u00eda de Honduras, El Salvador y Belice, deben ser entregados al DIF Municipal para su atenci\u00f3n.<\/p>\n\n\n\n<p>\u201cLos ni\u00f1os son realmente asegurados por el Instituto Nacional de Migraci\u00f3n, quien tiene el deber legal de que una vez que un ni\u00f1o es asegurado hacer el protocolo, dar vista al Consulado y poner los ni\u00f1os a disposici\u00f3n del sistema DIF\u201d, dijo Ibis Dom\u00ednguez.<\/p>\n\n\n\n<p>Tras ser entregados al DIF, los menores son revisados por un m\u00e9dico y nutri\u00f3logo, se les brindan las atenciones necesarias de salud e higiene, en lo que el proceso para que sean repatriados a su pa\u00eds de origen se concreta.<\/p>\n\n\n\n<p>Si bien en Veracruz puerto son cerca de 100 ni\u00f1os migrantes los que el DIF Municipal recibe por a\u00f1o, a la fecha solo se encuentran tres bajo el resguardo de la instituci\u00f3n municipal.\u00a0<\/p>\n","protected":false},"excerpt":{"rendered":"<p>Alejandro \u00c1vila Veracruz, Ver.- Tan solo en los meses que han transcurrido del 2021, han sido 30 ni\u00f1os migrantes los que han sido dejados en resguardo del DIF Municipal de Veracruz, mencion\u00f3 el Procurador de la Defensa del Menor, Ibis Dom\u00ednguez Maldonado. El funcionario municipal detall\u00f3 que evidentemente, los aseguramientos los hace el Instituto Nacional [&hellip;]<\/p>\n","protected":false},"author":1,"featured_media":17519,"comment_status":"open","ping_status":"open","sticky":false,"template":"","format":"standard","meta":{"_jetpack_memberships_contains_paid_content":false,"footnotes":""},"categories":[2],"tags":[],"class_list":["post-17518","post","type-post","status-publish","format-standard","has-post-thumbnail","hentry","category-estado"],"jetpack_featured_media_url":"https:\/\/encuentroinformativo.com.mx\/wp-content\/uploads\/2021\/08\/895E8C7B-1CE6-4C77-9FF4-72C605C51FE4.jpeg","jetpack_sharing_enabled":true,"jetpack_likes_enabled":true,"amp_enabled":true,"_links":{"self":[{"href":"https:\/\/encuentroinformativo.com.mx\/index.php?rest_route=\/wp\/v2\/posts\/17518","targetHints":{"allow":["GET"]}}],"collection":[{"href":"https:\/\/encuentroinformativo.com.mx\/index.php?rest_route=\/wp\/v2\/posts"}],"about":[{"href":"https:\/\/encuentroinformativo.com.mx\/index.php?rest_route=\/wp\/v2\/types\/post"}],"author":[{"embeddable":true,"href":"https:\/\/encuentroinformativo.com.mx\/index.php?rest_route=\/wp\/v2\/users\/1"}],"replies":[{"embeddable":true,"href":"https:\/\/encuentroinformativo.com.mx\/index.php?rest_route=%2Fwp%2Fv2%2Fcomments&post=17518"}],"version-history":[{"count":1,"href":"https:\/\/encuentroinformativo.com.mx\/index.php?rest_route=\/wp\/v2\/posts\/17518\/revisions"}],"predecessor-version":[{"id":17520,"href":"https:\/\/encuentroinformativo.com.mx\/index.php?rest_route=\/wp\/v2\/posts\/17518\/revisions\/17520"}],"wp:featuredmedia":[{"embeddable":true,"href":"https:\/\/encuentroinformativo.com.mx\/index.php?rest_route=\/wp\/v2\/media\/17519"}],"wp:attachment":[{"href":"https:\/\/encuentroinformativo.com.mx\/index.php?rest_route=%2Fwp%2Fv2%2Fmedia&parent=17518"}],"wp:term":[{"taxonomy":"category","embeddable":true,"href":"https:\/\/encuentroinformativo.com.mx\/index.php?rest_route=%2Fwp%2Fv2%2Fcategories&post=17518"},{"taxonomy":"post_tag","embeddable":true,"href":"https:\/\/encuentroinformativo.com.mx\/index.php?rest_route=%2Fwp%2Fv2%2Ftags&post=17518"}],"curies":[{"name":"wp","href":"https:\/\/api.w.org\/{rel}","templated":true}]}}