{"id":17521,"date":"2021-08-19T09:26:46","date_gmt":"2021-08-19T14:26:46","guid":{"rendered":"https:\/\/encuentroinformativo.com.mx\/?p=17521"},"modified":"2021-08-19T09:26:50","modified_gmt":"2021-08-19T14:26:50","slug":"lideres-y-lideres-en-veracruz","status":"publish","type":"post","link":"https:\/\/encuentroinformativo.com.mx\/?p=17521","title":{"rendered":"L\u00edderes y \u201cL\u00edderes\u201d en Veracruz"},"content":{"rendered":"\n<p><strong>Los Pol\u00edticos<\/strong><\/p>\n\n\n\n<p><strong>Salvador Mu\u00f1oz<\/strong><\/p>\n\n\n\n<p>En Veracruz gozamos de liderazgos a lo largo y ancho de la entidad, en cada uno de los 212 municipios que comprende nuestra geograf\u00eda pol\u00edtica\u2026 hombres y mujeres ejercen esta capacidad de influir en cada sociedad o regi\u00f3n, y en una de \u00e9sas, en todo el estado, para trazar metas, proyectos o generar nuevos destinos\u2026 si lleg\u00f3 hasta ac\u00e1 sin re\u00edrse, le falta maldad\u2026 no miento, hay liderazgos pero \u00e9stos s\u00f3lo aparecen en cada campa\u00f1a\u2026 y ah\u00ed los ve, encabezando grupos, concentrando multitudes, lanzando consignas cual modernos mes\u00edas\u2026 para despu\u00e9s desaparecer\u2026 hasta nuevo aviso.<\/p>\n\n\n\n<p>S\u00ed, puede considerar que \u201c\u00e9sos\u201d no son liderazgos, y que si acaso ara\u00f1aran el concepto, habr\u00eda que endilgarles el \u201chechizos\u201d.<\/p>\n\n\n\n<p>S\u00f3lo baste echarle una miradita al proceso electoral reciente as\u00ed como a sus actores, una vez pasado el D\u00eda D y ver d\u00f3nde est\u00e1n.&nbsp;<\/p>\n\n\n\n<p>Son pocos, contados los que contin\u00faan ejerciendo un liderazgo en su entorno como si el proceso electoral continuara\u2026 bueno, es que realmente para hacer y ser, ellos no requieren de una elecci\u00f3n pero partidos y siglas s\u00ed requer\u00edan de ellos.<\/p>\n\n\n\n<p>\u00bfEjemplos? cito dos de Xalapa, pero es seguro que usted tenga otros en su municipio:<\/p>\n\n\n\n<p>Giovanni Arcos, quien compiti\u00f3 por una curul local, sigue organizando talleres para personas que quieran aprender la elaboraci\u00f3n del pan. Agregue a ello el apoyo que da a familiares de hospitalizados en nosocomios de la ciudad donde una vez a la semana, lleva pan y caf\u00e9 u otra bebida caliente para hacer m\u00e1s leve la noche.<\/p>\n\n\n\n<p>Otro caso es Sergio Hern\u00e1ndez Hern\u00e1ndez. S\u00ed, me pueden decir que es diputado pero si uno es realista, a estas alturas, el Congreso del Estado ya est\u00e1 con un paso m\u00e1s en la \u201crenovaci\u00f3n\u201d de legisladores, que en este momento, los que est\u00e1n en funciones est\u00e1n casi en modo \u201cautom\u00e1tico\u201d porque el pueblo est\u00e1 m\u00e1s interesado en los que llegan que en los que se van\u2026 \u201cjarrito viejo, \u00bfd\u00f3nde te pondr\u00e9?\u201d<\/p>\n\n\n\n<p>Hasta ahora, el He-Man sigue al tanto de sus Casas de Enlace, que en breve han de cumplir tres a\u00f1os de existencia. Son m\u00e1s de 200 CdeE ubicadas en distintos puntos de Xalapa, lo que ha permitido que participen m\u00e1s de 10 mil personas hasta la fecha donde han recibido Brigadas de salud, clases de zumba as\u00ed como diversos talleres que ha permitido a muchas mujeres emprender alg\u00fan negocio. El reto para He-Man, visto desde los tiempos pol\u00edticos en que se mueve, ser\u00e1 ver que mantenga no s\u00f3lo las m\u00e1s de 200 CdeE que tiene, sino que las incremente, aunque ser\u00e1 m\u00e1s complicado ya desde la posici\u00f3n de un ciudadano.<\/p>\n\n\n\n<p>Esto es en lo que respecta a Xalapa\u2026 los vecinos de Emiliano Zapata tienen a un joven que compiti\u00f3 por una curul v\u00eda Redes Sociales Progresistas: David Cerero.<\/p>\n\n\n\n<p>Siendo precisos, la Fundaci\u00f3n Dando Cambios Contigo no s\u00f3lo se circunscribe a Emiliano Zapata\u2026 a donde le es posible, llega a quien m\u00e1s lo necesita, ya sea con lentes, aparatos auditivos a bajo costo y en esta \u00e9poca de pandemia, que afecta a familias de escasos recursos, ha estado entregando apoyos alimenticios en algunas localidades zapatenses.<\/p>\n\n\n\n<p>Hablamos pues, de liderazgos sociales que buscan apoyar o cambiar el entorno social de su comunidad\u2026 los liderazgos pol\u00edticos son aparte y de \u00e9sos, escasean en la oposici\u00f3n como en el Gobierno\u2026 conste, dije \u201cescasean\u201d que es muy diferente a \u201ccarecer\u201d.<\/p>\n\n\n\n<p>Los intereses, conveniencias y buenos deseos pueden hacer ver en Miguel \u00c1ngel Yunes M\u00e1rquez o en Cuitl\u00e1huac un gran l\u00edder\u2026 es cuesti\u00f3n de perspectivas. Hay otros que ven en Ahued al mes\u00edas de la oposici\u00f3n y de Morena; al pobre empresario del pl\u00e1stico lo colocan como la Cocacola, el remedio de todos los males; tras el papel que desempe\u00f1\u00f3 en las pasadas elecciones a lo largo y ancho del estado, Juan Javier G\u00f3mez Cazar\u00edn es considerado el dirigente de Morena sin gafete. Para los nost\u00e1lgicos e idealistas del PRI, Pepe Yunes; para los progresistas del PRI, Juan Manuel Diez Francos\u2026 pero cuando hay quienes ven a Bola 8 como el gur\u00fa a seguir, creo que es momento de reconsiderar el valor de la palabra Liderazgo\u2026 \u00bfo no?<\/p>\n\n\n\n<p><a href=\"mailto:smcainito@gmail.com\" target=\"_blank\" rel=\"noreferrer noopener\">smcainito@gmail.com<\/a><\/p>\n","protected":false},"excerpt":{"rendered":"<p>Los Pol\u00edticos Salvador Mu\u00f1oz En Veracruz gozamos de liderazgos a lo largo y ancho de la entidad, en cada uno de los 212 municipios que comprende nuestra geograf\u00eda pol\u00edtica\u2026 hombres y mujeres ejercen esta capacidad de influir en cada sociedad o regi\u00f3n, y en una de \u00e9sas, en todo el estado, para trazar metas, proyectos [&hellip;]<\/p>\n","protected":false},"author":1,"featured_media":387,"comment_status":"open","ping_status":"open","sticky":false,"template":"","format":"standard","meta":{"_jetpack_memberships_contains_paid_content":false,"footnotes":""},"categories":[11],"tags":[],"class_list":["post-17521","post","type-post","status-publish","format-standard","has-post-thumbnail","hentry","category-opinion"],"jetpack_featured_media_url":"https:\/\/encuentroinformativo.com.mx\/wp-content\/uploads\/2020\/03\/7CF8A22B-2764-47BE-8F7F-38FE9E5D6A2F.jpeg","jetpack_sharing_enabled":true,"jetpack_likes_enabled":true,"amp_enabled":true,"_links":{"self":[{"href":"https:\/\/encuentroinformativo.com.mx\/index.php?rest_route=\/wp\/v2\/posts\/17521","targetHints":{"allow":["GET"]}}],"collection":[{"href":"https:\/\/encuentroinformativo.com.mx\/index.php?rest_route=\/wp\/v2\/posts"}],"about":[{"href":"https:\/\/encuentroinformativo.com.mx\/index.php?rest_route=\/wp\/v2\/types\/post"}],"author":[{"embeddable":true,"href":"https:\/\/encuentroinformativo.com.mx\/index.php?rest_route=\/wp\/v2\/users\/1"}],"replies":[{"embeddable":true,"href":"https:\/\/encuentroinformativo.com.mx\/index.php?rest_route=%2Fwp%2Fv2%2Fcomments&post=17521"}],"version-history":[{"count":1,"href":"https:\/\/encuentroinformativo.com.mx\/index.php?rest_route=\/wp\/v2\/posts\/17521\/revisions"}],"predecessor-version":[{"id":17522,"href":"https:\/\/encuentroinformativo.com.mx\/index.php?rest_route=\/wp\/v2\/posts\/17521\/revisions\/17522"}],"wp:featuredmedia":[{"embeddable":true,"href":"https:\/\/encuentroinformativo.com.mx\/index.php?rest_route=\/wp\/v2\/media\/387"}],"wp:attachment":[{"href":"https:\/\/encuentroinformativo.com.mx\/index.php?rest_route=%2Fwp%2Fv2%2Fmedia&parent=17521"}],"wp:term":[{"taxonomy":"category","embeddable":true,"href":"https:\/\/encuentroinformativo.com.mx\/index.php?rest_route=%2Fwp%2Fv2%2Fcategories&post=17521"},{"taxonomy":"post_tag","embeddable":true,"href":"https:\/\/encuentroinformativo.com.mx\/index.php?rest_route=%2Fwp%2Fv2%2Ftags&post=17521"}],"curies":[{"name":"wp","href":"https:\/\/api.w.org\/{rel}","templated":true}]}}