{"id":17528,"date":"2021-08-19T12:31:36","date_gmt":"2021-08-19T17:31:36","guid":{"rendered":"https:\/\/encuentroinformativo.com.mx\/?p=17528"},"modified":"2021-08-19T12:31:40","modified_gmt":"2021-08-19T17:31:40","slug":"asesinan-al-periodista-jacinto-romero","status":"publish","type":"post","link":"https:\/\/encuentroinformativo.com.mx\/?p=17528","title":{"rendered":"Asesinan al periodista Jacinto Romero"},"content":{"rendered":"\n<p><strong>Juan Arcos<\/strong><\/p>\n\n\n\n<p>Xalapa, Ver.- El reportero Jacinto Romero Flores fue asesinado a balazos en la comunidad Potrerillo, municipio de Ixtaczoquitl\u00e1n, ubicado en la zona central monta\u00f1osa Veracruz.<\/p>\n\n\n\n<p>Los hechos ocurrieron la ma\u00f1ana de este jueves 19 de agosto. El comunicador fue interceptado por un comando cuando se trasladaba en un veh\u00edculo de prensa, a la altura del puente Reforma que comunica al pueblo Potrerillo con unidades habitacionales que colindan con Orizaba.<\/p>\n\n\n\n<p>El locutor de la radiodifusora Ori Stereo 99.3 FM muri\u00f3 a causa de varios impactos de bala, al interior del autom\u00f3vil en el que se trasladaba para sus coberturas informativas.<\/p>\n\n\n\n<p>Los pobladores de la zona llamaron a los n\u00fameros de emergencia para solicitar la presencia de los cuerpos de seguridad y de rescate.<\/p>\n\n\n\n<p>Elementos de la Polic\u00eda Estatal y Municipal arribaron al lugar; sin embargo, al intentar auxiliarlo, notaron que ya no contaba con signos vitales, por lo que acordonaron el sitio, en espera del personal de Servicios Periciales.<\/p>\n\n\n\n<p>El personal de la Fiscal\u00eda Regional orden\u00f3 que el cuerpo fuera trasladado al Servicio M\u00e9dico Forense (Semefo) e inici\u00f3 la carpeta de investigaci\u00f3n correspondiente, para dar con los responsables del crimen.<\/p>\n\n\n\n<p>El gremio period\u00edstico est\u00e1 consternado por el asesinado de otro comunicador en el estado de Veracruz.<\/p>\n\n\n\n<p><strong>DESPLIEGAN OPERATIVO CONTRA AGRESORES\u00a0<\/strong><\/p>\n\n\n\n<p>El gobernador Cuitl\u00e1huac Garc\u00eda Jim\u00e9nez inform\u00f3 que el caso fue abordado durante la Mesa de Coordinaci\u00f3n para la Construcci\u00f3n de la Paz (COESCONPAZ) que se realiz\u00f3 en el municipio de Ozuluama.<\/p>\n\n\n\n<p>En sus redes sociales, el mandatario estatal expuso que no se permitir\u00e1 la impunidad en esta agresi\u00f3n a la prensa.<\/p>\n\n\n\n<p>&#8220;Reiteramos que no se permitir\u00e1 que intenten amedrentar a la poblaci\u00f3n, mucho menos a los periodistas, por lo que cualquier intento en ese sentido no quedar\u00e1 impune&#8221;, expres\u00f3.<\/p>\n\n\n\n<p>Agreg\u00f3 que la Fiscal\u00eda General del Estado (FGE) y la Secretar\u00eda de Seguridad P\u00fablica (SSP) ya est\u00e1n tras los agresores del reportero en el municipio de Ixtaczoquitl\u00e1n.<\/p>\n","protected":false},"excerpt":{"rendered":"<p>Juan Arcos Xalapa, Ver.- El reportero Jacinto Romero Flores fue asesinado a balazos en la comunidad Potrerillo, municipio de Ixtaczoquitl\u00e1n, ubicado en la zona central monta\u00f1osa Veracruz. Los hechos ocurrieron la ma\u00f1ana de este jueves 19 de agosto. El comunicador fue interceptado por un comando cuando se trasladaba en un veh\u00edculo de prensa, a la [&hellip;]<\/p>\n","protected":false},"author":1,"featured_media":17529,"comment_status":"open","ping_status":"open","sticky":false,"template":"","format":"standard","meta":{"_jetpack_memberships_contains_paid_content":false,"footnotes":""},"categories":[2],"tags":[],"class_list":["post-17528","post","type-post","status-publish","format-standard","has-post-thumbnail","hentry","category-estado"],"jetpack_featured_media_url":"https:\/\/encuentroinformativo.com.mx\/wp-content\/uploads\/2021\/08\/E48DD90F-6609-43D3-AAED-6AFA241F4333.jpeg","jetpack_sharing_enabled":true,"jetpack_likes_enabled":true,"amp_enabled":true,"_links":{"self":[{"href":"https:\/\/encuentroinformativo.com.mx\/index.php?rest_route=\/wp\/v2\/posts\/17528","targetHints":{"allow":["GET"]}}],"collection":[{"href":"https:\/\/encuentroinformativo.com.mx\/index.php?rest_route=\/wp\/v2\/posts"}],"about":[{"href":"https:\/\/encuentroinformativo.com.mx\/index.php?rest_route=\/wp\/v2\/types\/post"}],"author":[{"embeddable":true,"href":"https:\/\/encuentroinformativo.com.mx\/index.php?rest_route=\/wp\/v2\/users\/1"}],"replies":[{"embeddable":true,"href":"https:\/\/encuentroinformativo.com.mx\/index.php?rest_route=%2Fwp%2Fv2%2Fcomments&post=17528"}],"version-history":[{"count":1,"href":"https:\/\/encuentroinformativo.com.mx\/index.php?rest_route=\/wp\/v2\/posts\/17528\/revisions"}],"predecessor-version":[{"id":17530,"href":"https:\/\/encuentroinformativo.com.mx\/index.php?rest_route=\/wp\/v2\/posts\/17528\/revisions\/17530"}],"wp:featuredmedia":[{"embeddable":true,"href":"https:\/\/encuentroinformativo.com.mx\/index.php?rest_route=\/wp\/v2\/media\/17529"}],"wp:attachment":[{"href":"https:\/\/encuentroinformativo.com.mx\/index.php?rest_route=%2Fwp%2Fv2%2Fmedia&parent=17528"}],"wp:term":[{"taxonomy":"category","embeddable":true,"href":"https:\/\/encuentroinformativo.com.mx\/index.php?rest_route=%2Fwp%2Fv2%2Fcategories&post=17528"},{"taxonomy":"post_tag","embeddable":true,"href":"https:\/\/encuentroinformativo.com.mx\/index.php?rest_route=%2Fwp%2Fv2%2Ftags&post=17528"}],"curies":[{"name":"wp","href":"https:\/\/api.w.org\/{rel}","templated":true}]}}