{"id":17537,"date":"2021-08-19T15:30:01","date_gmt":"2021-08-19T20:30:01","guid":{"rendered":"https:\/\/encuentroinformativo.com.mx\/?p=17537"},"modified":"2021-08-19T15:30:05","modified_gmt":"2021-08-19T20:30:05","slug":"peligro-bajo-para-veracruz-por-grace-segun-pc","status":"publish","type":"post","link":"https:\/\/encuentroinformativo.com.mx\/?p=17537","title":{"rendered":"\u201cPeligro bajo\u201d para Veracruz por Grace, seg\u00fan PC"},"content":{"rendered":"\n<p><strong>Juan Arcos<\/strong> <\/p>\n\n\n\n<p>Xalapa, Ver.- La Coordinaci\u00f3n Nacional de Protecci\u00f3n Civil activ\u00f3 el Sistema de Alerta Temprana para Ciclones Tropicales para el estado de Veracruz ante la presencia del hurac\u00e1n \u201cGrace\u201d.<\/p>\n\n\n\n<p>La Secretar\u00eda de Protecci\u00f3n de Veracruz (PC) inform\u00f3 que el sem\u00e1foro cicl\u00f3nico asign\u00f3 el color verde para la zona norte del estado, al detectarse un \u201cpeligro bajo\u201d.<\/p>\n\n\n\n<p>La dependencia estatal, a cargo de Guadalupe Osorno Maldonado, tambi\u00e9n marc\u00f3 el color azul para la zona sur de la entidad, al pronosticar un \u201cpeligro muy bajo\u201d, ante la posibilidad de que \u201cGrace\u201d impacte costas veracruzanas.<\/p>\n\n\n\n<p>Cabe recordar que permanece activa la Alerta Gris en Veracruz por posibles lluvias y rachas de viento superiores a los 150 kil\u00f3metros por hora, principalmente en la zona norte de la entidad.<\/p>\n\n\n\n<p>Hasta el momento, Protecci\u00f3n Civil advirti\u00f3 que en las pr\u00f3ximas horas dicho hurac\u00e1n podr\u00eda impactar en el territorio estatal, entre los municipios de Tamiahua y \u00darsulo Galv\u00e1n.<\/p>\n\n\n\n<p>Los efectos que causar\u00eda podr\u00edan abarcar un mayor territorio tras su impacto, ya que depende del tama\u00f1o del sistema y de su trayectoria.<\/p>\n\n\n\n<p>En la m\u00e1s reciente sesi\u00f3n del Comit\u00e9 Estatal de Emergencia con instituciones y dependencias de los tres niveles de gobierno, celebrada la tarde del mi\u00e9rcoles, se pronostic\u00f3 que el fen\u00f3meno se degradar\u00eda a tormenta tropical y que, al ingresar al Golfo de M\u00e9xico, podr\u00eda fortalecerse nuevamente como hurac\u00e1n categor\u00eda 1 o 2.<\/p>\n\n\n\n<p>De manera preliminar, se prev\u00e9 un posible punto de impacto entre Soto La Marina y Nautla, por lo que se ha implementado una estrategia de pre-alertamiento a los municipios ubicados en la cuenca del P\u00e1nuco hasta la de Jamapa\u2013Cotaxtla.<\/p>\n\n\n\n<p>La Secretar\u00eda de Protecci\u00f3n Civil indic\u00f3 que las autoridades est\u00e1n preparadas en caso de que sea necesario evacuar a las poblaciones que podr\u00edan verse afectadas con el meteoro.<\/p>\n\n\n\n<p>Adem\u00e1s, los refugios temporales que sean habilitados contar\u00e1n con las medidas sanitarias para evitar la propagaci\u00f3n del SARS-COV-2 (COVID-19) en la entidad veracruzana.<\/p>\n","protected":false},"excerpt":{"rendered":"<p>Juan Arcos Xalapa, Ver.- La Coordinaci\u00f3n Nacional de Protecci\u00f3n Civil activ\u00f3 el Sistema de Alerta Temprana para Ciclones Tropicales para el estado de Veracruz ante la presencia del hurac\u00e1n \u201cGrace\u201d. La Secretar\u00eda de Protecci\u00f3n de Veracruz (PC) inform\u00f3 que el sem\u00e1foro cicl\u00f3nico asign\u00f3 el color verde para la zona norte del estado, al detectarse un [&hellip;]<\/p>\n","protected":false},"author":1,"featured_media":17538,"comment_status":"open","ping_status":"open","sticky":false,"template":"","format":"standard","meta":{"_jetpack_memberships_contains_paid_content":false,"footnotes":""},"categories":[2],"tags":[],"class_list":["post-17537","post","type-post","status-publish","format-standard","has-post-thumbnail","hentry","category-estado"],"jetpack_featured_media_url":"https:\/\/encuentroinformativo.com.mx\/wp-content\/uploads\/2021\/08\/02487001-95EC-46F4-88DD-35E2080E2E6B.jpeg","jetpack_sharing_enabled":true,"jetpack_likes_enabled":true,"amp_enabled":true,"_links":{"self":[{"href":"https:\/\/encuentroinformativo.com.mx\/index.php?rest_route=\/wp\/v2\/posts\/17537","targetHints":{"allow":["GET"]}}],"collection":[{"href":"https:\/\/encuentroinformativo.com.mx\/index.php?rest_route=\/wp\/v2\/posts"}],"about":[{"href":"https:\/\/encuentroinformativo.com.mx\/index.php?rest_route=\/wp\/v2\/types\/post"}],"author":[{"embeddable":true,"href":"https:\/\/encuentroinformativo.com.mx\/index.php?rest_route=\/wp\/v2\/users\/1"}],"replies":[{"embeddable":true,"href":"https:\/\/encuentroinformativo.com.mx\/index.php?rest_route=%2Fwp%2Fv2%2Fcomments&post=17537"}],"version-history":[{"count":1,"href":"https:\/\/encuentroinformativo.com.mx\/index.php?rest_route=\/wp\/v2\/posts\/17537\/revisions"}],"predecessor-version":[{"id":17539,"href":"https:\/\/encuentroinformativo.com.mx\/index.php?rest_route=\/wp\/v2\/posts\/17537\/revisions\/17539"}],"wp:featuredmedia":[{"embeddable":true,"href":"https:\/\/encuentroinformativo.com.mx\/index.php?rest_route=\/wp\/v2\/media\/17538"}],"wp:attachment":[{"href":"https:\/\/encuentroinformativo.com.mx\/index.php?rest_route=%2Fwp%2Fv2%2Fmedia&parent=17537"}],"wp:term":[{"taxonomy":"category","embeddable":true,"href":"https:\/\/encuentroinformativo.com.mx\/index.php?rest_route=%2Fwp%2Fv2%2Fcategories&post=17537"},{"taxonomy":"post_tag","embeddable":true,"href":"https:\/\/encuentroinformativo.com.mx\/index.php?rest_route=%2Fwp%2Fv2%2Ftags&post=17537"}],"curies":[{"name":"wp","href":"https:\/\/api.w.org\/{rel}","templated":true}]}}