{"id":17540,"date":"2021-08-19T15:35:49","date_gmt":"2021-08-19T20:35:49","guid":{"rendered":"https:\/\/encuentroinformativo.com.mx\/?p=17540"},"modified":"2021-08-19T15:35:53","modified_gmt":"2021-08-19T20:35:53","slug":"confirman-asistencia-de-amlo-a-festejos-por-tratados-de-cordoba","status":"publish","type":"post","link":"https:\/\/encuentroinformativo.com.mx\/?p=17540","title":{"rendered":"Confirman asistencia de AMLO a festejos por Tratados de C\u00f3rdoba"},"content":{"rendered":"\n<p><strong>Dar\u00edo Pale<\/strong> <\/p>\n\n\n\n<p>Xalapa, Ver.- El delegado de los programas sociales de la Secretar\u00eda del Bienestar en esta entidad, Manuel Huerta Ladr\u00f3n de Guevara dio a conocer que el presidente Andr\u00e9s Manuel L\u00f3pez Obrador confirm\u00f3 su asistencia a los festejo de los Tratados de C\u00f3rdoba, el cual no ser\u00e1 evento masivo.<\/p>\n\n\n\n<p>Entrevistado en las instalaciones del Gimnasio Omega, se\u00f1al\u00f3 que el presidente Andr\u00e9s Manuel L\u00f3pez Obrador estar\u00e1 nuevamente en Veracruz y ser\u00e1 el pr\u00f3ximo martes 24 de agosto para encabezar la celebraci\u00f3n del bicentenario de los Tratados de C\u00f3rdoba.<\/p>\n\n\n\n<p>Tras la reuni\u00f3n que tuvo con el ejecutivo federal en la Ciudad de M\u00e9xico, Manuel Huerta precis\u00f3 que ser\u00e1 \u00a0un evento cerrado y con la asistencia de pocos funcionarios con motivo de la actual contingencia sanitaria.<\/p>\n\n\n\n<p>&#8220;Vamos a celebrar no s\u00f3lo la firma de los Tratados de C\u00f3rdoba, sino toda la lucha por la independencia de nuestro pa\u00eds. El Presidente est\u00e1 acudiendo porque es algo muy importante para todos los mexicanos&#8221; se\u00f1al\u00f3.<\/p>\n\n\n\n<p>En otro orden de ideas el delegado inform\u00f3 que el hurac\u00e1n &#8220;Grace&#8221; no afectar\u00e1 la aplicaci\u00f3n de la vacuna contra el coronavirus, porque en la mayor\u00eda de los municipios de la zona norte ya concluy\u00f3, &#8220;esta la vacunaci\u00f3n hacia el centro y el sur, hasta eso, tenemos relativamente suerte, pero estos fen\u00f3menos meteoreol\u00f3gicos provocan otros niveles si no de afectaci\u00f3n hacia donde est\u00e1 el hurac\u00e1n, s\u00ed a radios que se expanden alrededor del hurac\u00e1n y es lo que hay que evaluar&#8221;.<\/p>\n\n\n\n<p>No obstante, ser\u00e1 este viernes cuando se eval\u00fae si hay algunos municipios \u00a0de la zona centro y sur donde se suspenda moment\u00e1neamente por algunos efectos causados por los remanentes de este fen\u00f3meno.<\/p>\n\n\n\n<p>&#8220;Es muy probable que ya que lo evaluemos ma\u00f1ana, digamos, le vamos a entrar por esta zona, vamos a aprovechar todo esto y ya sin duda, la pr\u00f3xima semana vendr\u00e1 un periodo m\u00e1s fuerte de vacunaci\u00f3n&#8221;, coment\u00f3.<\/p>\n\n\n\n<p>Finalmente dio a conocer que hasta ahora suman m\u00e1s de cuatro millones de dosis aplicadas en la entidad, incluyendo a trabajadores del sector salud, educativo, centros penitenciarios y a personas mayores de 30 a\u00f1os.<\/p>\n","protected":false},"excerpt":{"rendered":"<p>Dar\u00edo Pale Xalapa, Ver.- El delegado de los programas sociales de la Secretar\u00eda del Bienestar en esta entidad, Manuel Huerta Ladr\u00f3n de Guevara dio a conocer que el presidente Andr\u00e9s Manuel L\u00f3pez Obrador confirm\u00f3 su asistencia a los festejo de los Tratados de C\u00f3rdoba, el cual no ser\u00e1 evento masivo. Entrevistado en las instalaciones del [&hellip;]<\/p>\n","protected":false},"author":1,"featured_media":17541,"comment_status":"open","ping_status":"open","sticky":false,"template":"","format":"standard","meta":{"_jetpack_memberships_contains_paid_content":false,"footnotes":""},"categories":[2],"tags":[],"class_list":["post-17540","post","type-post","status-publish","format-standard","has-post-thumbnail","hentry","category-estado"],"jetpack_featured_media_url":"https:\/\/encuentroinformativo.com.mx\/wp-content\/uploads\/2021\/08\/512DD65B-85F3-4387-98C3-6D176E6887AD.jpeg","jetpack_sharing_enabled":true,"jetpack_likes_enabled":true,"amp_enabled":true,"_links":{"self":[{"href":"https:\/\/encuentroinformativo.com.mx\/index.php?rest_route=\/wp\/v2\/posts\/17540","targetHints":{"allow":["GET"]}}],"collection":[{"href":"https:\/\/encuentroinformativo.com.mx\/index.php?rest_route=\/wp\/v2\/posts"}],"about":[{"href":"https:\/\/encuentroinformativo.com.mx\/index.php?rest_route=\/wp\/v2\/types\/post"}],"author":[{"embeddable":true,"href":"https:\/\/encuentroinformativo.com.mx\/index.php?rest_route=\/wp\/v2\/users\/1"}],"replies":[{"embeddable":true,"href":"https:\/\/encuentroinformativo.com.mx\/index.php?rest_route=%2Fwp%2Fv2%2Fcomments&post=17540"}],"version-history":[{"count":1,"href":"https:\/\/encuentroinformativo.com.mx\/index.php?rest_route=\/wp\/v2\/posts\/17540\/revisions"}],"predecessor-version":[{"id":17542,"href":"https:\/\/encuentroinformativo.com.mx\/index.php?rest_route=\/wp\/v2\/posts\/17540\/revisions\/17542"}],"wp:featuredmedia":[{"embeddable":true,"href":"https:\/\/encuentroinformativo.com.mx\/index.php?rest_route=\/wp\/v2\/media\/17541"}],"wp:attachment":[{"href":"https:\/\/encuentroinformativo.com.mx\/index.php?rest_route=%2Fwp%2Fv2%2Fmedia&parent=17540"}],"wp:term":[{"taxonomy":"category","embeddable":true,"href":"https:\/\/encuentroinformativo.com.mx\/index.php?rest_route=%2Fwp%2Fv2%2Fcategories&post=17540"},{"taxonomy":"post_tag","embeddable":true,"href":"https:\/\/encuentroinformativo.com.mx\/index.php?rest_route=%2Fwp%2Fv2%2Ftags&post=17540"}],"curies":[{"name":"wp","href":"https:\/\/api.w.org\/{rel}","templated":true}]}}