{"id":17543,"date":"2021-08-19T15:40:49","date_gmt":"2021-08-19T20:40:49","guid":{"rendered":"https:\/\/encuentroinformativo.com.mx\/?p=17543"},"modified":"2021-08-19T15:40:53","modified_gmt":"2021-08-19T20:40:53","slug":"rehabilitan-escuelas-saqueadas-en-pandemia","status":"publish","type":"post","link":"https:\/\/encuentroinformativo.com.mx\/?p=17543","title":{"rendered":"Rehabilitan escuelas saqueadas en pandemia"},"content":{"rendered":"\n<p><strong>Alejandro \u00c1vila<\/strong><\/p>\n\n\n\n<p>Veracruz, Ver. \u2013 La Secretar\u00eda de Educaci\u00f3n de Veracruz, inici\u00f3 trabajos de rehabilitaci\u00f3n en 64 de las 142 escuelas que fueron saqueadas durante la pandemia, la mayor\u00eda en el municipio de Veracruz, aunque se espera concretar los trabajos antes del regreso a clases a finales de mes.<\/p>\n\n\n\n<p>El secretario de Educaci\u00f3n, Zenyazen Escobar Garc\u00eda, detall\u00f3 que los problemas principales en las escuelas robadas son, la falta de cableado el\u00e9ctrico, tuber\u00eda de cobre, as\u00ed como ruptura de puertas y barrotes.<\/p>\n\n\n\n<p>\u201cEn esta ruta, hicimos lo propio con la federaci\u00f3n para ver este recurso, y pues s\u00ed es importante, muy importante, sobre todo echar manos a la obra, porque si no, pues no habr\u00eda estas condiciones del regreso, de plantear este regreso a clases para el d\u00eda 30, sin embargo, pues ya estamos en acci\u00f3n (\u2026) el saqueo, el robo de pantallas, el robo de las computadoras, hay diferentes, var\u00edan como tal el saqueo que se da en los centros escolares\u201d, enfatiz\u00f3.<\/p>\n\n\n\n<p>El docente de profesi\u00f3n, aclar\u00f3 que estos trabajos se salen de su presupuesto anual, pues se ten\u00edan previsto ejecutar 800 acciones para este 2021, pero no trabajos de rehabilitaci\u00f3n, sin embargo, es necesario realizarlos, por lo que se busc\u00f3 una partida especial para lograrlo.<\/p>\n\n\n\n<p>\u201cEn su momento daremos a conocer cu\u00e1nto fue el monto de todo lo que se invirti\u00f3 para resarcir todo este da\u00f1o que se hizo a nuestros centro escolares\u201d, culmin\u00f3.<\/p>\n","protected":false},"excerpt":{"rendered":"<p>Alejandro \u00c1vila Veracruz, Ver. \u2013 La Secretar\u00eda de Educaci\u00f3n de Veracruz, inici\u00f3 trabajos de rehabilitaci\u00f3n en 64 de las 142 escuelas que fueron saqueadas durante la pandemia, la mayor\u00eda en el municipio de Veracruz, aunque se espera concretar los trabajos antes del regreso a clases a finales de mes. El secretario de Educaci\u00f3n, Zenyazen Escobar [&hellip;]<\/p>\n","protected":false},"author":1,"featured_media":17544,"comment_status":"open","ping_status":"open","sticky":false,"template":"","format":"standard","meta":{"_jetpack_memberships_contains_paid_content":false,"footnotes":""},"categories":[2],"tags":[],"class_list":["post-17543","post","type-post","status-publish","format-standard","has-post-thumbnail","hentry","category-estado"],"jetpack_featured_media_url":"https:\/\/encuentroinformativo.com.mx\/wp-content\/uploads\/2021\/08\/5AE077AF-6112-4D64-B3F2-53489CA23974.jpeg","jetpack_sharing_enabled":true,"jetpack_likes_enabled":true,"amp_enabled":true,"_links":{"self":[{"href":"https:\/\/encuentroinformativo.com.mx\/index.php?rest_route=\/wp\/v2\/posts\/17543","targetHints":{"allow":["GET"]}}],"collection":[{"href":"https:\/\/encuentroinformativo.com.mx\/index.php?rest_route=\/wp\/v2\/posts"}],"about":[{"href":"https:\/\/encuentroinformativo.com.mx\/index.php?rest_route=\/wp\/v2\/types\/post"}],"author":[{"embeddable":true,"href":"https:\/\/encuentroinformativo.com.mx\/index.php?rest_route=\/wp\/v2\/users\/1"}],"replies":[{"embeddable":true,"href":"https:\/\/encuentroinformativo.com.mx\/index.php?rest_route=%2Fwp%2Fv2%2Fcomments&post=17543"}],"version-history":[{"count":1,"href":"https:\/\/encuentroinformativo.com.mx\/index.php?rest_route=\/wp\/v2\/posts\/17543\/revisions"}],"predecessor-version":[{"id":17545,"href":"https:\/\/encuentroinformativo.com.mx\/index.php?rest_route=\/wp\/v2\/posts\/17543\/revisions\/17545"}],"wp:featuredmedia":[{"embeddable":true,"href":"https:\/\/encuentroinformativo.com.mx\/index.php?rest_route=\/wp\/v2\/media\/17544"}],"wp:attachment":[{"href":"https:\/\/encuentroinformativo.com.mx\/index.php?rest_route=%2Fwp%2Fv2%2Fmedia&parent=17543"}],"wp:term":[{"taxonomy":"category","embeddable":true,"href":"https:\/\/encuentroinformativo.com.mx\/index.php?rest_route=%2Fwp%2Fv2%2Fcategories&post=17543"},{"taxonomy":"post_tag","embeddable":true,"href":"https:\/\/encuentroinformativo.com.mx\/index.php?rest_route=%2Fwp%2Fv2%2Ftags&post=17543"}],"curies":[{"name":"wp","href":"https:\/\/api.w.org\/{rel}","templated":true}]}}