{"id":17546,"date":"2021-08-19T15:45:14","date_gmt":"2021-08-19T20:45:14","guid":{"rendered":"https:\/\/encuentroinformativo.com.mx\/?p=17546"},"modified":"2021-08-19T15:45:18","modified_gmt":"2021-08-19T20:45:18","slug":"realizan-nueva-revision-sedema-y-pma-a-torre-arista","status":"publish","type":"post","link":"https:\/\/encuentroinformativo.com.mx\/?p=17546","title":{"rendered":"Realizan nueva revisi\u00f3n SEDEMA y PMA a Torre Arista"},"content":{"rendered":"\n<p><strong>Alejandro \u00c1vila<\/strong><\/p>\n\n\n\n<p>Veracruz, Ver.- La Secretar\u00eda de Medio Ambiente y la Procuradur\u00eda de Medio Ambiente realizaron este jueves una nueva revisi\u00f3n a la Torre Arista (Torre Centro) ubicada en la avenida Xicotencatl del puerto de Veracruz.<\/p>\n\n\n\n<p>Se pudo conocer que fue el mi\u00e9rcoles cuando la SEDEMA acudi\u00f3 a dar la notificaci\u00f3n a los trabajadores del lugar, pero al no haber nadie en el inmueble, regresaron este jueves y divideron en equipos de cuatro grupos para realizar la inspecci\u00f3n.<\/p>\n\n\n\n<p>En caso de encontrar alguna irregularidad, la construcci\u00f3n del inmueble ser\u00e1 nuevamente clausurada por las dependencias estatales, seg\u00fan se inform\u00f3.<\/p>\n\n\n\n<p>Cabe recordar que hace apenas 15 d\u00edas, los trabajos se reiniciaron en la Torre Arista, tras haber conseguido un amparo de un Juez Federal y como el avance era superior al 90 por ciento, se estimaba que en un m\u00e1ximo de 40 d\u00edas estar\u00eda la obra concluida en su totalidad.<\/p>\n\n\n\n<p>De la misma manera, los empleados del lugar, hab\u00edan acudido este jueves para realizar las acciones de resguardo y aseguramiento ante el paso del hurac\u00e1n &#8220;Grace&#8221;, mismo que se presume tocar\u00e1 tierras veracruzanas la madrugada del pr\u00f3ximo s\u00e1bado, aunque al municipio de Veracruz solo llegar\u00edan fuertes lluvias y vientos.<\/p>\n\n\n\n<p>A pesar de ello, por protocolo se debe cumplir con las recomendaciones de la Secretar\u00eda de Protecci\u00f3n Civil para casos de fenomenos meteorol\u00f3gicos.<\/p>\n\n\n\n<figure class=\"wp-block-image size-large\"><img loading=\"lazy\" decoding=\"async\" width=\"1024\" height=\"575\" src=\"https:\/\/encuentroinformativo.com.mx\/wp-content\/uploads\/2021\/08\/7F63F5D3-BCF2-4F5E-B91A-2F6F4091ED0B-1024x575.jpeg\" alt=\"\" class=\"wp-image-17548\" srcset=\"https:\/\/encuentroinformativo.com.mx\/wp-content\/uploads\/2021\/08\/7F63F5D3-BCF2-4F5E-B91A-2F6F4091ED0B-1024x575.jpeg 1024w, https:\/\/encuentroinformativo.com.mx\/wp-content\/uploads\/2021\/08\/7F63F5D3-BCF2-4F5E-B91A-2F6F4091ED0B-300x168.jpeg 300w, https:\/\/encuentroinformativo.com.mx\/wp-content\/uploads\/2021\/08\/7F63F5D3-BCF2-4F5E-B91A-2F6F4091ED0B-768x431.jpeg 768w, https:\/\/encuentroinformativo.com.mx\/wp-content\/uploads\/2021\/08\/7F63F5D3-BCF2-4F5E-B91A-2F6F4091ED0B-1536x862.jpeg 1536w, https:\/\/encuentroinformativo.com.mx\/wp-content\/uploads\/2021\/08\/7F63F5D3-BCF2-4F5E-B91A-2F6F4091ED0B.jpeg 1600w\" sizes=\"auto, (max-width: 1024px) 100vw, 1024px\" \/><\/figure>\n","protected":false},"excerpt":{"rendered":"<p>Alejandro \u00c1vila Veracruz, Ver.- La Secretar\u00eda de Medio Ambiente y la Procuradur\u00eda de Medio Ambiente realizaron este jueves una nueva revisi\u00f3n a la Torre Arista (Torre Centro) ubicada en la avenida Xicotencatl del puerto de Veracruz. Se pudo conocer que fue el mi\u00e9rcoles cuando la SEDEMA acudi\u00f3 a dar la notificaci\u00f3n a los trabajadores del [&hellip;]<\/p>\n","protected":false},"author":1,"featured_media":17547,"comment_status":"open","ping_status":"open","sticky":false,"template":"","format":"standard","meta":{"_jetpack_memberships_contains_paid_content":false,"footnotes":""},"categories":[2],"tags":[],"class_list":["post-17546","post","type-post","status-publish","format-standard","has-post-thumbnail","hentry","category-estado"],"jetpack_featured_media_url":"https:\/\/encuentroinformativo.com.mx\/wp-content\/uploads\/2021\/08\/27D29663-12BD-40DA-AA5D-4714BE3410FB.jpeg","jetpack_sharing_enabled":true,"jetpack_likes_enabled":true,"amp_enabled":true,"_links":{"self":[{"href":"https:\/\/encuentroinformativo.com.mx\/index.php?rest_route=\/wp\/v2\/posts\/17546","targetHints":{"allow":["GET"]}}],"collection":[{"href":"https:\/\/encuentroinformativo.com.mx\/index.php?rest_route=\/wp\/v2\/posts"}],"about":[{"href":"https:\/\/encuentroinformativo.com.mx\/index.php?rest_route=\/wp\/v2\/types\/post"}],"author":[{"embeddable":true,"href":"https:\/\/encuentroinformativo.com.mx\/index.php?rest_route=\/wp\/v2\/users\/1"}],"replies":[{"embeddable":true,"href":"https:\/\/encuentroinformativo.com.mx\/index.php?rest_route=%2Fwp%2Fv2%2Fcomments&post=17546"}],"version-history":[{"count":1,"href":"https:\/\/encuentroinformativo.com.mx\/index.php?rest_route=\/wp\/v2\/posts\/17546\/revisions"}],"predecessor-version":[{"id":17549,"href":"https:\/\/encuentroinformativo.com.mx\/index.php?rest_route=\/wp\/v2\/posts\/17546\/revisions\/17549"}],"wp:featuredmedia":[{"embeddable":true,"href":"https:\/\/encuentroinformativo.com.mx\/index.php?rest_route=\/wp\/v2\/media\/17547"}],"wp:attachment":[{"href":"https:\/\/encuentroinformativo.com.mx\/index.php?rest_route=%2Fwp%2Fv2%2Fmedia&parent=17546"}],"wp:term":[{"taxonomy":"category","embeddable":true,"href":"https:\/\/encuentroinformativo.com.mx\/index.php?rest_route=%2Fwp%2Fv2%2Fcategories&post=17546"},{"taxonomy":"post_tag","embeddable":true,"href":"https:\/\/encuentroinformativo.com.mx\/index.php?rest_route=%2Fwp%2Fv2%2Ftags&post=17546"}],"curies":[{"name":"wp","href":"https:\/\/api.w.org\/{rel}","templated":true}]}}