{"id":17550,"date":"2021-08-19T15:49:40","date_gmt":"2021-08-19T20:49:40","guid":{"rendered":"https:\/\/encuentroinformativo.com.mx\/?p=17550"},"modified":"2021-08-19T15:49:44","modified_gmt":"2021-08-19T20:49:44","slug":"sector-pesquero-paralizado-por-grace","status":"publish","type":"post","link":"https:\/\/encuentroinformativo.com.mx\/?p=17550","title":{"rendered":"Sector pesquero paralizado por Grace"},"content":{"rendered":"\n<p><strong>Alejandro \u00c1vila<\/strong><\/p>\n\n\n\n<p>Veracruz, Ver.- Aunque de forma tentativa el hurac\u00e1n &#8220;Grace&#8221; no impactar\u00e1 con mucha fuerza en el municipio de Veracruz, la actividad pesquera quedar\u00e1 paralizada al menos 8 d\u00edas, debido a los estragos mar\u00edtimos que siempre deja un fen\u00f3meno meteorol\u00f3gico, apunt\u00f3 el l\u00edder pesquero, Bernardo Hern\u00e1ndez Guzm\u00e1n.<\/p>\n\n\n\n<p>El presidente de la Federaci\u00f3n de Pescadores del Puerto de Veracruz, expuso que han tenido meses de poca producci\u00f3n, misma que en \u00faltimas semanas hab\u00edan solventado con poca pesca, de 10 a 15 kilos diarios, pero al menos era segura; pero lament\u00f3 que todo esto se detendr\u00e1 tras el paso de &#8220;Grace&#8221;.<\/p>\n\n\n\n<p>&#8220;Ahorita lo que ayuda un poco o un mucho es que hay buen tiempo, o hab\u00eda buen tiempo, era poca la producci\u00f3n pero es constante, todos los d\u00edas est\u00e1n saliendo pero traen 10 &#8211; 20 kilos, pero ya va sumando uno. Ahorita lamentablemente con este meteoro, lo que va a pasar es que ma\u00f1ana ya se deja de hacer la actividad y van a pasar hasta, creemos nosotros que hasta ocho d\u00edas para que podamos salir a la mar, ya que va a dejar corrientes, lluvias, marejadas, y pues es algo que viene afectando a\u00fan m\u00e1s la situaci\u00f3n de la producci\u00f3n&#8221;, apunt\u00f3 el pescador.<\/p>\n\n\n\n<p>Expuso que este a\u00f1o fue atipico, pues hubo vientos del norte hasta el mes de mayo, por lo que la producci\u00f3n fue baja, y se esperaba una gran temporada de verano para poder incrementar sus ingresos, pero no ha sido lo esperado, por lo tanto no han logrado siquiera ahorrar dinero para una de las \u00e9pocas m\u00e1s dificiles del a\u00f1o, que son los \u00faltimos cuatro meses.<\/p>\n\n\n\n<p>&#8220;Este a\u00f1o ya ves cuantos eventos de norte tuvimos, cerca de 60 eventos y casi todos de arriba de 80 kilometros por hora, osea no hubo manera de trabajar casi en 260 d\u00edas (\u2026) no hay nada, por eso es el temor de varar, porque el hecho de varar sufre un deterioro las lanchas y hay que invertirle, y bueno, esperemos que el meteoro se vaya m\u00e1s arriba y evitar ese gasto&#8221;, remat\u00f3.<\/p>\n\n\n\n<p>Este jueves por la tarde noche iniciar\u00e1 el levantamiento de embarcaciones que atracan en el Muro de Pescadores del Puerto de Veracruz, previendo alguna afectaci\u00f3n a las mismas por el hurac\u00e1n &#8220;Grace&#8221;.<\/p>\n\n\n\n<figure class=\"wp-block-image size-large\"><img loading=\"lazy\" decoding=\"async\" width=\"1024\" height=\"575\" src=\"https:\/\/encuentroinformativo.com.mx\/wp-content\/uploads\/2021\/08\/E454A87E-9C38-4F35-8243-4F019E110309-1024x575.jpeg\" alt=\"\" class=\"wp-image-17552\" srcset=\"https:\/\/encuentroinformativo.com.mx\/wp-content\/uploads\/2021\/08\/E454A87E-9C38-4F35-8243-4F019E110309-1024x575.jpeg 1024w, https:\/\/encuentroinformativo.com.mx\/wp-content\/uploads\/2021\/08\/E454A87E-9C38-4F35-8243-4F019E110309-300x168.jpeg 300w, https:\/\/encuentroinformativo.com.mx\/wp-content\/uploads\/2021\/08\/E454A87E-9C38-4F35-8243-4F019E110309-768x431.jpeg 768w, https:\/\/encuentroinformativo.com.mx\/wp-content\/uploads\/2021\/08\/E454A87E-9C38-4F35-8243-4F019E110309-1536x862.jpeg 1536w, https:\/\/encuentroinformativo.com.mx\/wp-content\/uploads\/2021\/08\/E454A87E-9C38-4F35-8243-4F019E110309.jpeg 1600w\" sizes=\"auto, (max-width: 1024px) 100vw, 1024px\" \/><\/figure>\n","protected":false},"excerpt":{"rendered":"<p>Alejandro \u00c1vila Veracruz, Ver.- Aunque de forma tentativa el hurac\u00e1n &#8220;Grace&#8221; no impactar\u00e1 con mucha fuerza en el municipio de Veracruz, la actividad pesquera quedar\u00e1 paralizada al menos 8 d\u00edas, debido a los estragos mar\u00edtimos que siempre deja un fen\u00f3meno meteorol\u00f3gico, apunt\u00f3 el l\u00edder pesquero, Bernardo Hern\u00e1ndez Guzm\u00e1n. El presidente de la Federaci\u00f3n de Pescadores [&hellip;]<\/p>\n","protected":false},"author":1,"featured_media":17551,"comment_status":"open","ping_status":"open","sticky":false,"template":"","format":"standard","meta":{"_jetpack_memberships_contains_paid_content":false,"footnotes":""},"categories":[2],"tags":[],"class_list":["post-17550","post","type-post","status-publish","format-standard","has-post-thumbnail","hentry","category-estado"],"jetpack_featured_media_url":"https:\/\/encuentroinformativo.com.mx\/wp-content\/uploads\/2021\/08\/73E077B3-C403-496A-9935-48238A0C0EF7.jpeg","jetpack_sharing_enabled":true,"jetpack_likes_enabled":true,"amp_enabled":true,"_links":{"self":[{"href":"https:\/\/encuentroinformativo.com.mx\/index.php?rest_route=\/wp\/v2\/posts\/17550","targetHints":{"allow":["GET"]}}],"collection":[{"href":"https:\/\/encuentroinformativo.com.mx\/index.php?rest_route=\/wp\/v2\/posts"}],"about":[{"href":"https:\/\/encuentroinformativo.com.mx\/index.php?rest_route=\/wp\/v2\/types\/post"}],"author":[{"embeddable":true,"href":"https:\/\/encuentroinformativo.com.mx\/index.php?rest_route=\/wp\/v2\/users\/1"}],"replies":[{"embeddable":true,"href":"https:\/\/encuentroinformativo.com.mx\/index.php?rest_route=%2Fwp%2Fv2%2Fcomments&post=17550"}],"version-history":[{"count":1,"href":"https:\/\/encuentroinformativo.com.mx\/index.php?rest_route=\/wp\/v2\/posts\/17550\/revisions"}],"predecessor-version":[{"id":17553,"href":"https:\/\/encuentroinformativo.com.mx\/index.php?rest_route=\/wp\/v2\/posts\/17550\/revisions\/17553"}],"wp:featuredmedia":[{"embeddable":true,"href":"https:\/\/encuentroinformativo.com.mx\/index.php?rest_route=\/wp\/v2\/media\/17551"}],"wp:attachment":[{"href":"https:\/\/encuentroinformativo.com.mx\/index.php?rest_route=%2Fwp%2Fv2%2Fmedia&parent=17550"}],"wp:term":[{"taxonomy":"category","embeddable":true,"href":"https:\/\/encuentroinformativo.com.mx\/index.php?rest_route=%2Fwp%2Fv2%2Fcategories&post=17550"},{"taxonomy":"post_tag","embeddable":true,"href":"https:\/\/encuentroinformativo.com.mx\/index.php?rest_route=%2Fwp%2Fv2%2Ftags&post=17550"}],"curies":[{"name":"wp","href":"https:\/\/api.w.org\/{rel}","templated":true}]}}