{"id":17560,"date":"2021-08-20T00:37:57","date_gmt":"2021-08-20T05:37:57","guid":{"rendered":"https:\/\/encuentroinformativo.com.mx\/?p=17560"},"modified":"2021-08-20T00:38:02","modified_gmt":"2021-08-20T05:38:02","slug":"jacinto-romero-habia-solicitado-proteccion","status":"publish","type":"post","link":"https:\/\/encuentroinformativo.com.mx\/?p=17560","title":{"rendered":"Jacinto Romero hab\u00eda solicitado protecci\u00f3n"},"content":{"rendered":"\n<p><strong>Juan Arcos\/Dar\u00edo Pale <\/strong><\/p>\n\n\n\n<p>Xalapa, Ver.- Jacinto Romero Flores hab\u00eda solicitado medidas de protecci\u00f3n a la Comisi\u00f3n Estatal para la Atenci\u00f3n y Protecci\u00f3n de los Periodistas (Ceapp) desde hace tres meses, tras la amenazas de muerte que hab\u00eda recibido, pero le fueron negadas.<\/p>\n\n\n\n<p>Un grupo de sus compa\u00f1eros protest\u00f3 en el centro de la ciudad de C\u00f3rdoba y posteriormente se trasladaron a Xalapa, para tambi\u00e9n alzar la voz en busca de justicia para el reportero y locutor de la radiodifusora Ori Stereo 99.3 FM, asesinado a balazos la ma\u00f1ana de este jueves en la localidad Potrerillo, municipio de Iztaczoquitl\u00e1n.<\/p>\n\n\n\n<p>Se trata del cuarto periodista asesinado en el estado de Veracruz, durante el actual gobierno de la Cuarta Transformaci\u00f3n (4T).<\/p>\n\n\n\n<p>Sus amigos Hugo Morales Alejo, director del portal La Nigua, y Enzo Omar Sosa, reportero de El Buen Tono, se plantaron frente a Palacio de Gobierno para exigir que sea investigado el caso y \u00e9ste no quede en la impunidad.<\/p>\n\n\n\n<p>Denunciaron que el escenario de violencia en la zona central monta\u00f1osa de Veracruz se ha salido de control y que los comunicadores han sido v\u00edctimas de constantes amenazas de muerte.<\/p>\n\n\n\n<p>Enzo Omar record\u00f3 que Jacinto era un buen hombre, quien tambi\u00e9n rescataba animales en situaci\u00f3n de calle y apoyaba las causas feministas en Ixtaczoquitl\u00e1n.<\/p>\n\n\n\n<p>\u201cHab\u00eda pedido protecci\u00f3n a la Ceapp, tengo entendido que se las negaron. Varios de nosotros hemos pedido la protecci\u00f3n por amenazas y no han podido apoyarnos\u201d, agreg\u00f3.\u00a0<\/p>\n\n\n\n<p>Adem\u00e1s, confirm\u00f3 que el reportero hab\u00eda festejado su cumplea\u00f1os n\u00famero 60 el mi\u00e9rcoles 18 de agosto, en compa\u00f1\u00eda de sus amigos, sin ingerir bebidas alcoh\u00f3licas, toda vez que era abstemio desde hace 30 a\u00f1os.<\/p>\n\n\n\n<p>\u201cApoyaba a personas con discapacidad y con ciertas problem\u00e1ticas sociales. En los \u00faltimos d\u00edas se han suscitado situaciones de la delincuencia organizada, pero debe de existir la justicia y prevalecer las instituciones que la brindan\u201d, expres\u00f3.<\/p>\n\n\n\n<p>Asimismo Hugo Morales defini\u00f3 que Jacinto Romero no era un reportero que cubriera informaci\u00f3n que lo pusiera en riesgo, cubr\u00eda informaci\u00f3n local, informes de gobierno, pero adem\u00e1s realizaba una labor altruista diariamente al rescatar animales de la calle.<\/p>\n\n\n\n<p>El director de La Nigua record\u00f3 que Jacinto cubr\u00eda la zona de las Altas Monta\u00f1as, pero no fue un hombre de escuela, no estudio ni la secundaria, fue un periodista emp\u00edrico, pero ten\u00eda ya m\u00e1s de 35 a\u00f1os desempe\u00f1\u00e1ndose en este noble oficio, de igual forma \u00a0consider\u00f3 que no fue un hombre que hubiera recibido graves amenazas que pusieran en riesgo su integridad, m\u00e1s bien lleg\u00f3 a recibir amenazas telef\u00f3nicas.<\/p>\n\n\n\n<p>&#8220;As\u00ed amenazas fuertes no ten\u00eda, porque no nos hab\u00eda dicho, \u00e9l no manejaba prensa de impacto, (amenazas de la polic\u00eda municipal), \u00a0pero son de esas que ustedes reciben ac\u00e1, de que te empujan, no hab\u00eda amenazas de armas, te dicen me las vas a pagar&#8221;, se\u00f1al\u00f3.<\/p>\n\n\n\n<p>&#8220;\u00c9l hablaba de que polic\u00edas municipales le hab\u00edan dicho que le bajara, pero siento que eso que est\u00e1n diciendo es para desviar la atenci\u00f3n. Hay algo que ya aportamos a la Fiscal\u00eda, pero no lo vamos a decir para que abra una l\u00ednea de investigaci\u00f3n al respecto&#8221;, puntualiz\u00f3.<\/p>\n\n\n\n<figure class=\"wp-block-image size-large\"><img loading=\"lazy\" decoding=\"async\" width=\"1024\" height=\"659\" src=\"https:\/\/encuentroinformativo.com.mx\/wp-content\/uploads\/2021\/08\/02ED425E-6DE3-4830-9F30-301EB1456C1B-1024x659.jpeg\" alt=\"\" class=\"wp-image-17562\" srcset=\"https:\/\/encuentroinformativo.com.mx\/wp-content\/uploads\/2021\/08\/02ED425E-6DE3-4830-9F30-301EB1456C1B-1024x659.jpeg 1024w, https:\/\/encuentroinformativo.com.mx\/wp-content\/uploads\/2021\/08\/02ED425E-6DE3-4830-9F30-301EB1456C1B-300x193.jpeg 300w, https:\/\/encuentroinformativo.com.mx\/wp-content\/uploads\/2021\/08\/02ED425E-6DE3-4830-9F30-301EB1456C1B-768x494.jpeg 768w, https:\/\/encuentroinformativo.com.mx\/wp-content\/uploads\/2021\/08\/02ED425E-6DE3-4830-9F30-301EB1456C1B.jpeg 1088w\" sizes=\"auto, (max-width: 1024px) 100vw, 1024px\" \/><\/figure>\n\n\n","protected":false},"excerpt":{"rendered":"<p>Juan Arcos\/Dar\u00edo Pale Xalapa, Ver.- Jacinto Romero Flores hab\u00eda solicitado medidas de protecci\u00f3n a la Comisi\u00f3n Estatal para la Atenci\u00f3n y Protecci\u00f3n de los Periodistas (Ceapp) desde hace tres meses, tras la amenazas de muerte que hab\u00eda recibido, pero le fueron negadas. Un grupo de sus compa\u00f1eros protest\u00f3 en el centro de la ciudad de [&hellip;]<\/p>\n","protected":false},"author":1,"featured_media":17561,"comment_status":"open","ping_status":"open","sticky":false,"template":"","format":"standard","meta":{"_jetpack_memberships_contains_paid_content":false,"footnotes":""},"categories":[2],"tags":[],"class_list":["post-17560","post","type-post","status-publish","format-standard","has-post-thumbnail","hentry","category-estado"],"jetpack_featured_media_url":"https:\/\/encuentroinformativo.com.mx\/wp-content\/uploads\/2021\/08\/1C98B398-182B-4E55-B616-2D565614474D.jpeg","jetpack_sharing_enabled":true,"jetpack_likes_enabled":true,"amp_enabled":true,"_links":{"self":[{"href":"https:\/\/encuentroinformativo.com.mx\/index.php?rest_route=\/wp\/v2\/posts\/17560","targetHints":{"allow":["GET"]}}],"collection":[{"href":"https:\/\/encuentroinformativo.com.mx\/index.php?rest_route=\/wp\/v2\/posts"}],"about":[{"href":"https:\/\/encuentroinformativo.com.mx\/index.php?rest_route=\/wp\/v2\/types\/post"}],"author":[{"embeddable":true,"href":"https:\/\/encuentroinformativo.com.mx\/index.php?rest_route=\/wp\/v2\/users\/1"}],"replies":[{"embeddable":true,"href":"https:\/\/encuentroinformativo.com.mx\/index.php?rest_route=%2Fwp%2Fv2%2Fcomments&post=17560"}],"version-history":[{"count":1,"href":"https:\/\/encuentroinformativo.com.mx\/index.php?rest_route=\/wp\/v2\/posts\/17560\/revisions"}],"predecessor-version":[{"id":17563,"href":"https:\/\/encuentroinformativo.com.mx\/index.php?rest_route=\/wp\/v2\/posts\/17560\/revisions\/17563"}],"wp:featuredmedia":[{"embeddable":true,"href":"https:\/\/encuentroinformativo.com.mx\/index.php?rest_route=\/wp\/v2\/media\/17561"}],"wp:attachment":[{"href":"https:\/\/encuentroinformativo.com.mx\/index.php?rest_route=%2Fwp%2Fv2%2Fmedia&parent=17560"}],"wp:term":[{"taxonomy":"category","embeddable":true,"href":"https:\/\/encuentroinformativo.com.mx\/index.php?rest_route=%2Fwp%2Fv2%2Fcategories&post=17560"},{"taxonomy":"post_tag","embeddable":true,"href":"https:\/\/encuentroinformativo.com.mx\/index.php?rest_route=%2Fwp%2Fv2%2Ftags&post=17560"}],"curies":[{"name":"wp","href":"https:\/\/api.w.org\/{rel}","templated":true}]}}