{"id":17568,"date":"2021-08-20T11:29:11","date_gmt":"2021-08-20T16:29:11","guid":{"rendered":"https:\/\/encuentroinformativo.com.mx\/?p=17568"},"modified":"2021-08-20T11:29:15","modified_gmt":"2021-08-20T16:29:15","slug":"se-prepara-veracruz-para-impacto-de-grace","status":"publish","type":"post","link":"https:\/\/encuentroinformativo.com.mx\/?p=17568","title":{"rendered":"Se prepara Veracruz para impacto de Grace"},"content":{"rendered":"\n<p><strong>Dar\u00edo Pale<\/strong> <\/p>\n\n\n\n<p>Xalapa, Ver.- La Titular de la Secretaria de Protecci\u00f3n Civil del Estado (PC), Guadalupe Osorno Maldonado espera que el gobierno estatal este viernes apruebe la declaratoria de emergencia por impacto de Grace.<\/p>\n\n\n\n<p>En conferencia de prensa realizada por el hurac\u00e1n <em>Grace<\/em>, inform\u00f3 que tras la solicitud que hiciera el Gobernador, de declaratoria de emergencia ante el inminente impacto del hurac\u00e1n Grace; esperan que este d\u00eda sea aprobada.<\/p>\n\n\n\n<p>&#8220;El Consejo presidido por el Gobernador ha tomado la decisi\u00f3n de solicitar la declaratoria de emergencia por inminencia del fen\u00f3meno a la Federaci\u00f3n. Este tr\u00e1mite fue ingresado anoche, una vez terminada la reuni\u00f3n&#8221;, se\u00f1al\u00f3.<\/p>\n\n\n\n<p>&#8220;Esperamos que en el transcurso del d\u00eda de hoy tengamos la respuesta tanto de la corroboradora que es la Comisi\u00f3n Nacional del Agua como de la gestora de los recursos que es la Coordinaci\u00f3n Nacional de Protecci\u00f3n Civil&#8221;, agreg\u00f3.<\/p>\n\n\n\n<p>Dio a conocer que si bien ya no se ocupan los fondos del Fideicomiso Fonden, ya se publicaron los lineamientos del nuevo programa para la atenci\u00f3n de emergencias por amenazas naturales, que es los que se rigen.<\/p>\n\n\n\n<p>Guadalupe Osorno Maldonado, defini\u00f3 que son 51 municipios los que est\u00e1n dentro de la franja de afectaci\u00f3n por el impacto del hurac\u00e1n <em>Grace<\/em>, por lo que m\u00e1s de un mill\u00f3n de veracruzanos tendr\u00e1n alg\u00fan tipo de afectaci\u00f3n.<\/p>\n\n\n\n<p>Se\u00f1al\u00f3 que con \u00a0base en el cono de afectaci\u00f3n por la trayectoria oficial que determinan las instituciones meteorol\u00f3gicas, son casi cinco mil las localidades de esos municipios, \u201clos municipios que se encuentran en el cono de afectaci\u00f3n son 51 municipios con 4 mil 967 localidades y da un total de un mill\u00f3n 298 mil 462 habitantes&#8221;.<\/p>\n\n\n\n<p>Expuso que son dos formas de medir a la poblaci\u00f3n que pudiera resultar afectada en un fen\u00f3meno inminente, una es la poblaci\u00f3n afectable, es decir, es toda aquella poblaci\u00f3n que tenga alg\u00fan grado de afectaci\u00f3n y que pudiera ser que le llovi\u00f3, no pudo salir de su casa, crecieron los niveles de agua en las vialidades, por ca\u00edda de un \u00e1rbol, entre otras, pero que no ponen en riesgo a la poblaci\u00f3n.<\/p>\n\n\n\n<p>Finalmente coment\u00f3 que esa es la que se ubica en una franja mayor al cono de afectaci\u00f3n, por lo que podr\u00edan ser m\u00e1s de 3.5 millones de ciudadanos.<\/p>\n","protected":false},"excerpt":{"rendered":"<p>Dar\u00edo Pale Xalapa, Ver.- La Titular de la Secretaria de Protecci\u00f3n Civil del Estado (PC), Guadalupe Osorno Maldonado espera que el gobierno estatal este viernes apruebe la declaratoria de emergencia por impacto de Grace. En conferencia de prensa realizada por el hurac\u00e1n Grace, inform\u00f3 que tras la solicitud que hiciera el Gobernador, de declaratoria de [&hellip;]<\/p>\n","protected":false},"author":1,"featured_media":17569,"comment_status":"open","ping_status":"open","sticky":false,"template":"","format":"standard","meta":{"_jetpack_memberships_contains_paid_content":false,"footnotes":""},"categories":[2],"tags":[],"class_list":["post-17568","post","type-post","status-publish","format-standard","has-post-thumbnail","hentry","category-estado"],"jetpack_featured_media_url":"https:\/\/encuentroinformativo.com.mx\/wp-content\/uploads\/2021\/08\/01EDC8EC-7073-41A4-AFC8-A5250D579986.jpeg","jetpack_sharing_enabled":true,"jetpack_likes_enabled":true,"amp_enabled":true,"_links":{"self":[{"href":"https:\/\/encuentroinformativo.com.mx\/index.php?rest_route=\/wp\/v2\/posts\/17568","targetHints":{"allow":["GET"]}}],"collection":[{"href":"https:\/\/encuentroinformativo.com.mx\/index.php?rest_route=\/wp\/v2\/posts"}],"about":[{"href":"https:\/\/encuentroinformativo.com.mx\/index.php?rest_route=\/wp\/v2\/types\/post"}],"author":[{"embeddable":true,"href":"https:\/\/encuentroinformativo.com.mx\/index.php?rest_route=\/wp\/v2\/users\/1"}],"replies":[{"embeddable":true,"href":"https:\/\/encuentroinformativo.com.mx\/index.php?rest_route=%2Fwp%2Fv2%2Fcomments&post=17568"}],"version-history":[{"count":1,"href":"https:\/\/encuentroinformativo.com.mx\/index.php?rest_route=\/wp\/v2\/posts\/17568\/revisions"}],"predecessor-version":[{"id":17570,"href":"https:\/\/encuentroinformativo.com.mx\/index.php?rest_route=\/wp\/v2\/posts\/17568\/revisions\/17570"}],"wp:featuredmedia":[{"embeddable":true,"href":"https:\/\/encuentroinformativo.com.mx\/index.php?rest_route=\/wp\/v2\/media\/17569"}],"wp:attachment":[{"href":"https:\/\/encuentroinformativo.com.mx\/index.php?rest_route=%2Fwp%2Fv2%2Fmedia&parent=17568"}],"wp:term":[{"taxonomy":"category","embeddable":true,"href":"https:\/\/encuentroinformativo.com.mx\/index.php?rest_route=%2Fwp%2Fv2%2Fcategories&post=17568"},{"taxonomy":"post_tag","embeddable":true,"href":"https:\/\/encuentroinformativo.com.mx\/index.php?rest_route=%2Fwp%2Fv2%2Ftags&post=17568"}],"curies":[{"name":"wp","href":"https:\/\/api.w.org\/{rel}","templated":true}]}}