{"id":17571,"date":"2021-08-20T12:17:26","date_gmt":"2021-08-20T17:17:26","guid":{"rendered":"https:\/\/encuentroinformativo.com.mx\/?p=17571"},"modified":"2021-08-20T12:17:29","modified_gmt":"2021-08-20T17:17:29","slug":"por-posibles-deslaves-se-extreman-precauciones-gobernador","status":"publish","type":"post","link":"https:\/\/encuentroinformativo.com.mx\/?p=17571","title":{"rendered":"Por posibles deslaves se extreman precauciones: Gobernador"},"content":{"rendered":"\n<p><strong>Dar\u00edo Pale<\/strong><\/p>\n\n\n\n<p>Xalapa, Ver.- Al Gobierno de Veracruz le preocupan los deslaves en zonas serranas, por lo que extremar\u00e1n vigilancia desde Totonacapan hasta Jamapa, as\u00ed lo indic\u00f3 el gobernador del estado Cuitl\u00e1huac Garc\u00eda Jim\u00e9nez.<\/p>\n\n\n\n<p>En conferencia de prensa sobre la llegada del hurac\u00e1n &#8220;Grace&#8221;, dio a conocer que vigilar\u00e1n de manera puntual algunas zonas como las sierras del Totonacapan, Mart\u00ednez de la Torre, Misantla, Tlapacoyan, Jalacingo, Altotonga, Atzalan, Colipa y Juchique de Ferrer, porque se podr\u00edan presentar derrumbes y deslaves debido a las fuertes lluvias que dejar\u00e1 el hurac\u00e1n Grace.<\/p>\n\n\n\n<p>Coment\u00f3 que toda la costa tendr\u00e1 efectos por el hurac\u00e1n que van desde lluvias moderadas en las orillas hasta torrenciales, &#8220;esto incluye varios r\u00edos y puertos. Est\u00e1 al norte Tamiahua, Tuxpan, Nautla y vamos a llegar a otros lugares que no son necesariamente puertos, pero hay mucha actividad pesquera, desde la cuenca del Actopan hasta Jamapa&#8221;.<\/p>\n\n\n\n<p>Expres\u00f3 que si bien habr\u00e1 vientos fuertes en la zona conurbada Veracruz-Boca del R\u00edo y hasta Jamapa, la lluvia ser\u00e1 constante.<\/p>\n\n\n\n<p>&#8220;Desde hoy en Tuxpan est\u00e1 nublado y el hurac\u00e1n va a entrar hasta la noche. Esto va a suceder en toda esta basta regi\u00f3n. Nos preocupa que cuando se empiece a internar, las lluvias intensas que trae alrededor del ojo del hurac\u00e1n, nos provoque deslaves, por eso vamos a prestar mucha atenci\u00f3n en toda la sierra del Totonacapan y toda la sierra de Mart\u00ednez de la Torre, Misantla, Tlapacoyan, Jalacingo, Altotonga, Atzalan&#8221;, finaliz\u00f3.<\/p>\n","protected":false},"excerpt":{"rendered":"<p>Dar\u00edo Pale Xalapa, Ver.- Al Gobierno de Veracruz le preocupan los deslaves en zonas serranas, por lo que extremar\u00e1n vigilancia desde Totonacapan hasta Jamapa, as\u00ed lo indic\u00f3 el gobernador del estado Cuitl\u00e1huac Garc\u00eda Jim\u00e9nez. En conferencia de prensa sobre la llegada del hurac\u00e1n &#8220;Grace&#8221;, dio a conocer que vigilar\u00e1n de manera puntual algunas zonas como [&hellip;]<\/p>\n","protected":false},"author":1,"featured_media":17572,"comment_status":"open","ping_status":"open","sticky":false,"template":"","format":"standard","meta":{"_jetpack_memberships_contains_paid_content":false,"footnotes":""},"categories":[2],"tags":[],"class_list":["post-17571","post","type-post","status-publish","format-standard","has-post-thumbnail","hentry","category-estado"],"jetpack_featured_media_url":"https:\/\/encuentroinformativo.com.mx\/wp-content\/uploads\/2021\/08\/E71B38B9-4056-4E35-BCD2-EBF21F7F20B2.jpeg","jetpack_sharing_enabled":true,"jetpack_likes_enabled":true,"amp_enabled":true,"_links":{"self":[{"href":"https:\/\/encuentroinformativo.com.mx\/index.php?rest_route=\/wp\/v2\/posts\/17571","targetHints":{"allow":["GET"]}}],"collection":[{"href":"https:\/\/encuentroinformativo.com.mx\/index.php?rest_route=\/wp\/v2\/posts"}],"about":[{"href":"https:\/\/encuentroinformativo.com.mx\/index.php?rest_route=\/wp\/v2\/types\/post"}],"author":[{"embeddable":true,"href":"https:\/\/encuentroinformativo.com.mx\/index.php?rest_route=\/wp\/v2\/users\/1"}],"replies":[{"embeddable":true,"href":"https:\/\/encuentroinformativo.com.mx\/index.php?rest_route=%2Fwp%2Fv2%2Fcomments&post=17571"}],"version-history":[{"count":1,"href":"https:\/\/encuentroinformativo.com.mx\/index.php?rest_route=\/wp\/v2\/posts\/17571\/revisions"}],"predecessor-version":[{"id":17573,"href":"https:\/\/encuentroinformativo.com.mx\/index.php?rest_route=\/wp\/v2\/posts\/17571\/revisions\/17573"}],"wp:featuredmedia":[{"embeddable":true,"href":"https:\/\/encuentroinformativo.com.mx\/index.php?rest_route=\/wp\/v2\/media\/17572"}],"wp:attachment":[{"href":"https:\/\/encuentroinformativo.com.mx\/index.php?rest_route=%2Fwp%2Fv2%2Fmedia&parent=17571"}],"wp:term":[{"taxonomy":"category","embeddable":true,"href":"https:\/\/encuentroinformativo.com.mx\/index.php?rest_route=%2Fwp%2Fv2%2Fcategories&post=17571"},{"taxonomy":"post_tag","embeddable":true,"href":"https:\/\/encuentroinformativo.com.mx\/index.php?rest_route=%2Fwp%2Fv2%2Ftags&post=17571"}],"curies":[{"name":"wp","href":"https:\/\/api.w.org\/{rel}","templated":true}]}}