{"id":17580,"date":"2021-08-20T13:50:25","date_gmt":"2021-08-20T18:50:25","guid":{"rendered":"https:\/\/encuentroinformativo.com.mx\/?p=17580"},"modified":"2021-08-20T13:50:30","modified_gmt":"2021-08-20T18:50:30","slug":"analiza-ayuntamiento-de-coatepec-multar-por-no-usar-cubrebocas","status":"publish","type":"post","link":"https:\/\/encuentroinformativo.com.mx\/?p=17580","title":{"rendered":"Analiza ayuntamiento de Coatepec multar por no usar cubrebocas"},"content":{"rendered":"\n<p><strong>Dar\u00edo Pale <\/strong><\/p>\n\n\n\n<p>Xalapa, Ver.- El presidente municipal de Coatepec Luis Enrique Fern\u00e1ndez Peredo dio a conocer que las autoridades municipales no han descartado multar econ\u00f3micamente y castigar con c\u00e1rcel a quien no use el cubrebocas en dicho municipio vecino de Xalapa.<\/p>\n\n\n\n<p>Entrevistado en las calles del centro de Xalapa, dio a conocer que ante el aumento de casos positivos de COVID-19, advirti\u00f3 que sigue vigente el acuerdo de Cabildo aprobado en mayo que contempla el arresto de hasta 72 horas como castigo a quien no acate dicha recomendaci\u00f3n de las autoridades sanitarias.<\/p>\n\n\n\n<p>\u201cAl inicio de la pandemia hubo mucha resistencia, mucha molestia de parte de los ciudadanos. Se intent\u00f3 no aplicarla, sin embargo, pues est\u00e1 vigente y en su caso se pudiera aplicar desde multa, arresto a quien no haga caso. Estamos en foco rojo\u201d, se\u00f1al\u00f3.<\/p>\n\n\n\n<p>El alcalde panista precis\u00f3 que hasta ahora no se ha sancionado a la poblaci\u00f3n por no usar el cubrebocas, pues a trav\u00e9s de los elementos de la Polic\u00eda Municipal y Protecci\u00f3n Civil regalan cubrebocas a quien no los usa en las calles.<\/p>\n\n\n\n<p>Finalmente dio a conocer que aunque es notorio el exceso de pasajeros en el transporte p\u00fablico durante los traslados de Coatepec a Xalapa y viceversa, no se ha regulado dijo, pues es responsabilidad del Gobierno del Estado que a trav\u00e9s de la Direcci\u00f3n General de Transporte P\u00fablico se evite que sobrepase el 50 por ciento de su capacidad.<\/p>\n","protected":false},"excerpt":{"rendered":"<p>Dar\u00edo Pale Xalapa, Ver.- El presidente municipal de Coatepec Luis Enrique Fern\u00e1ndez Peredo dio a conocer que las autoridades municipales no han descartado multar econ\u00f3micamente y castigar con c\u00e1rcel a quien no use el cubrebocas en dicho municipio vecino de Xalapa. Entrevistado en las calles del centro de Xalapa, dio a conocer que ante el [&hellip;]<\/p>\n","protected":false},"author":1,"featured_media":5184,"comment_status":"open","ping_status":"open","sticky":false,"template":"","format":"standard","meta":{"_jetpack_memberships_contains_paid_content":false,"footnotes":""},"categories":[8],"tags":[],"class_list":["post-17580","post","type-post","status-publish","format-standard","has-post-thumbnail","hentry","category-region"],"jetpack_featured_media_url":"https:\/\/encuentroinformativo.com.mx\/wp-content\/uploads\/2020\/08\/6684627C-6EFF-4A40-9E70-D0120C652819.jpeg","jetpack_sharing_enabled":true,"jetpack_likes_enabled":true,"amp_enabled":true,"_links":{"self":[{"href":"https:\/\/encuentroinformativo.com.mx\/index.php?rest_route=\/wp\/v2\/posts\/17580","targetHints":{"allow":["GET"]}}],"collection":[{"href":"https:\/\/encuentroinformativo.com.mx\/index.php?rest_route=\/wp\/v2\/posts"}],"about":[{"href":"https:\/\/encuentroinformativo.com.mx\/index.php?rest_route=\/wp\/v2\/types\/post"}],"author":[{"embeddable":true,"href":"https:\/\/encuentroinformativo.com.mx\/index.php?rest_route=\/wp\/v2\/users\/1"}],"replies":[{"embeddable":true,"href":"https:\/\/encuentroinformativo.com.mx\/index.php?rest_route=%2Fwp%2Fv2%2Fcomments&post=17580"}],"version-history":[{"count":1,"href":"https:\/\/encuentroinformativo.com.mx\/index.php?rest_route=\/wp\/v2\/posts\/17580\/revisions"}],"predecessor-version":[{"id":17581,"href":"https:\/\/encuentroinformativo.com.mx\/index.php?rest_route=\/wp\/v2\/posts\/17580\/revisions\/17581"}],"wp:featuredmedia":[{"embeddable":true,"href":"https:\/\/encuentroinformativo.com.mx\/index.php?rest_route=\/wp\/v2\/media\/5184"}],"wp:attachment":[{"href":"https:\/\/encuentroinformativo.com.mx\/index.php?rest_route=%2Fwp%2Fv2%2Fmedia&parent=17580"}],"wp:term":[{"taxonomy":"category","embeddable":true,"href":"https:\/\/encuentroinformativo.com.mx\/index.php?rest_route=%2Fwp%2Fv2%2Fcategories&post=17580"},{"taxonomy":"post_tag","embeddable":true,"href":"https:\/\/encuentroinformativo.com.mx\/index.php?rest_route=%2Fwp%2Fv2%2Ftags&post=17580"}],"curies":[{"name":"wp","href":"https:\/\/api.w.org\/{rel}","templated":true}]}}