{"id":17592,"date":"2021-08-21T08:43:00","date_gmt":"2021-08-21T13:43:00","guid":{"rendered":"https:\/\/encuentroinformativo.com.mx\/?p=17592"},"modified":"2021-08-20T23:50:56","modified_gmt":"2021-08-21T04:50:56","slug":"reingresan-pacientes-al-cecan","status":"publish","type":"post","link":"https:\/\/encuentroinformativo.com.mx\/?p=17592","title":{"rendered":"Reingresan pacientes al CECAN"},"content":{"rendered":"\n<p><strong>Dar\u00edo Pale <\/strong><\/p>\n\n\n\n<p>Xalapa, Ver.- Este viernes reingresaron los pacientes con c\u00e1ncer y personal de salud al edifico del Centro Estatal de Cancerolog\u00eda (CECAN), &#8220;Dr. Miguel Dorantes Mesa&#8221; donde hace unos d\u00edas fueron evacuados por vibraciones en el edificio.<\/p>\n\n\n\n<p>El Doctor Jorge Ortiz Gonz\u00e1lez director de dicho hospital Dios conocer que la evacuaci\u00f3n que se llev\u00f3 a cabo debido a la condici\u00f3n de una estructura del edificio principal ya que ingenieros estructuristas expertos, pertenecientes al Colegio de Ingenieros Civiles Carlos Nach\u00f3n Aguirre del Estado de Veracruz A.C., quienes concluyeron que &#8220;la condici\u00f3n del edificio es satisfactoria y en condiciones de operar normalmente de manera inmediata&#8221;.<\/p>\n\n\n\n<p>Por lo anterior, y en acuerdo con las autoridades de la Secretar\u00eda de Salud del Estado, se procedi\u00f3 a la reincorporaci\u00f3n de pacientes y \u00a0trabajadores a las instalaciones del CECAN<\/p>\n\n\n\n<p>Las autoridades de Salud refirieron en su memoria que fueron evacuados 200 pacientes (entre adultos y pedi\u00e1tricos), de Consulta Externa y Quimioterapia Ambulatoria y que los hospitalizados (19 adultos y seis infantes) quedaron resguardados en un \u00e1rea especial del Instituto Veracruzano de Salud Mental Dr. Rafael Velasco Fern\u00e1ndez, y tres fueron trasladados al Centro de Alta Especialidad Dr. Rafael Lucio.<\/p>\n","protected":false},"excerpt":{"rendered":"<p>Dar\u00edo Pale Xalapa, Ver.- Este viernes reingresaron los pacientes con c\u00e1ncer y personal de salud al edifico del Centro Estatal de Cancerolog\u00eda (CECAN), &#8220;Dr. Miguel Dorantes Mesa&#8221; donde hace unos d\u00edas fueron evacuados por vibraciones en el edificio. El Doctor Jorge Ortiz Gonz\u00e1lez director de dicho hospital Dios conocer que la evacuaci\u00f3n que se llev\u00f3 [&hellip;]<\/p>\n","protected":false},"author":2476,"featured_media":17590,"comment_status":"open","ping_status":"open","sticky":false,"template":"","format":"standard","meta":{"_jetpack_memberships_contains_paid_content":false,"footnotes":""},"categories":[9],"tags":[],"class_list":["post-17592","post","type-post","status-publish","format-standard","has-post-thumbnail","hentry","category-salud"],"jetpack_featured_media_url":"https:\/\/encuentroinformativo.com.mx\/wp-content\/uploads\/2021\/08\/68DE12BD-53F0-4A56-A983-131FC7863DE7.jpeg","jetpack_sharing_enabled":true,"jetpack_likes_enabled":true,"amp_enabled":true,"_links":{"self":[{"href":"https:\/\/encuentroinformativo.com.mx\/index.php?rest_route=\/wp\/v2\/posts\/17592","targetHints":{"allow":["GET"]}}],"collection":[{"href":"https:\/\/encuentroinformativo.com.mx\/index.php?rest_route=\/wp\/v2\/posts"}],"about":[{"href":"https:\/\/encuentroinformativo.com.mx\/index.php?rest_route=\/wp\/v2\/types\/post"}],"author":[{"embeddable":true,"href":"https:\/\/encuentroinformativo.com.mx\/index.php?rest_route=\/wp\/v2\/users\/2476"}],"replies":[{"embeddable":true,"href":"https:\/\/encuentroinformativo.com.mx\/index.php?rest_route=%2Fwp%2Fv2%2Fcomments&post=17592"}],"version-history":[{"count":1,"href":"https:\/\/encuentroinformativo.com.mx\/index.php?rest_route=\/wp\/v2\/posts\/17592\/revisions"}],"predecessor-version":[{"id":17593,"href":"https:\/\/encuentroinformativo.com.mx\/index.php?rest_route=\/wp\/v2\/posts\/17592\/revisions\/17593"}],"wp:featuredmedia":[{"embeddable":true,"href":"https:\/\/encuentroinformativo.com.mx\/index.php?rest_route=\/wp\/v2\/media\/17590"}],"wp:attachment":[{"href":"https:\/\/encuentroinformativo.com.mx\/index.php?rest_route=%2Fwp%2Fv2%2Fmedia&parent=17592"}],"wp:term":[{"taxonomy":"category","embeddable":true,"href":"https:\/\/encuentroinformativo.com.mx\/index.php?rest_route=%2Fwp%2Fv2%2Fcategories&post=17592"},{"taxonomy":"post_tag","embeddable":true,"href":"https:\/\/encuentroinformativo.com.mx\/index.php?rest_route=%2Fwp%2Fv2%2Ftags&post=17592"}],"curies":[{"name":"wp","href":"https:\/\/api.w.org\/{rel}","templated":true}]}}