{"id":17606,"date":"2021-08-21T15:42:47","date_gmt":"2021-08-21T20:42:47","guid":{"rendered":"https:\/\/encuentroinformativo.com.mx\/?p=17606"},"modified":"2021-08-21T15:42:51","modified_gmt":"2021-08-21T20:42:51","slug":"familia-murio-por-deslave-en-xalapa","status":"publish","type":"post","link":"https:\/\/encuentroinformativo.com.mx\/?p=17606","title":{"rendered":"Familia muri\u00f3 por deslave en Xalapa"},"content":{"rendered":"\n<p><strong>*Se registran 8 v\u00edctimas a consecuencia del paso de Grace.<\/strong><\/p>\n\n\n\n<p><strong>Dar\u00edo Pale<\/strong><\/p>\n\n\n\n<p>Xalapa, Ver.- Confirm\u00f3 el Gobernador de Veracruz Cuitl\u00e1huac Garc\u00eda Jim\u00e9nez 8 muertos por afectaciones del hurac\u00e1n Grace adem\u00e1s de tres personas desaparecidas, lamentablemente seis eran miembros de una misma familia, la madre y sus menores hijos y, otra menor en una colonia, todos en Xalapa Y uno fue en el municipio de Poza Rica.<\/p>\n\n\n\n<p>En conferencia de prensa realizada en la sala de Banderas de palacio de gobiernos indic\u00f3 que, de esas 8 personas seis son integrantes de una misma familia, as\u00ed como otra menor y una persona m\u00e1s que perdi\u00f3 la vida en Poza Rica.<\/p>\n\n\n\n<p>Expuso que a los seis integrantes de una familia en esta ciudad se les trat\u00f3 de rescatar con vida, ah\u00ed fallecieron menores de edad, &#8220;lamentablemente tenemos siete decesos, uno reportado en Poza Rica la noche de ayer viernes, una persona que transitaba por la calle en el momento cr\u00edtico, se le vino un domo encima, tenemos el deceso de seis personas, la madre y los menores, tambi\u00e9n en la 21 de marzo tenemos el deceso de otra menor de edad&#8221;.<\/p>\n\n\n\n<p>El Gobernador afirm\u00f3 que la familia no atendi\u00f3 la indicaci\u00f3n de Protecci\u00f3n Civil y ah\u00ed pidi\u00f3 atender los llamados de la dependencia estatal a fin de evitar la p\u00e9rdida de vidas humanas.<\/p>\n\n\n\n<p>El mandatario coment\u00f3 que hay afectaciones graves en Papantla y El Espinal, as\u00ed como la sierra del Totonacapan y por lo que se volver\u00e1 a convocar a los centros coordinadores de las fuerzas de tarea.<\/p>\n\n\n\n<p>Hay que referir que los seis integrantes de una familia perdieron la vida en la colonia Brisas del Sede\u00f1o, la otra menor fue en la colonia 21 de marzo, todos en esta ciudad capital, as\u00ed como la persona adulta ayer viernes en Poza Rica.<\/p>\n\n\n\n<p>Coment\u00f3 que hasta el momento no hay v\u00edas de comunicaci\u00f3n que se reporten afectadas, pero advirti\u00f3 que s\u00ed podr\u00eda suceder porque la emergencia no ha pasado.<\/p>\n\n\n\n<p>Finalmente dio a conocer que, &#8220;lo que nos advierten Conagua, Protecci\u00f3n Civil estatal y nacional es que sigamos teniendo cuidado con las laderas de los cerros porque hay mucha carga de agua&#8221;.<\/p>\n","protected":false},"excerpt":{"rendered":"<p>*Se registran 8 v\u00edctimas a consecuencia del paso de Grace. Dar\u00edo Pale Xalapa, Ver.- Confirm\u00f3 el Gobernador de Veracruz Cuitl\u00e1huac Garc\u00eda Jim\u00e9nez 8 muertos por afectaciones del hurac\u00e1n Grace adem\u00e1s de tres personas desaparecidas, lamentablemente seis eran miembros de una misma familia, la madre y sus menores hijos y, otra menor en una colonia, todos [&hellip;]<\/p>\n","protected":false},"author":1,"featured_media":17605,"comment_status":"open","ping_status":"open","sticky":false,"template":"","format":"standard","meta":{"_jetpack_memberships_contains_paid_content":false,"footnotes":""},"categories":[2],"tags":[],"class_list":["post-17606","post","type-post","status-publish","format-standard","has-post-thumbnail","hentry","category-estado"],"jetpack_featured_media_url":"https:\/\/encuentroinformativo.com.mx\/wp-content\/uploads\/2021\/08\/CB682B98-46A9-4550-8CF7-382220113EBD.jpeg","jetpack_sharing_enabled":true,"jetpack_likes_enabled":true,"amp_enabled":true,"_links":{"self":[{"href":"https:\/\/encuentroinformativo.com.mx\/index.php?rest_route=\/wp\/v2\/posts\/17606","targetHints":{"allow":["GET"]}}],"collection":[{"href":"https:\/\/encuentroinformativo.com.mx\/index.php?rest_route=\/wp\/v2\/posts"}],"about":[{"href":"https:\/\/encuentroinformativo.com.mx\/index.php?rest_route=\/wp\/v2\/types\/post"}],"author":[{"embeddable":true,"href":"https:\/\/encuentroinformativo.com.mx\/index.php?rest_route=\/wp\/v2\/users\/1"}],"replies":[{"embeddable":true,"href":"https:\/\/encuentroinformativo.com.mx\/index.php?rest_route=%2Fwp%2Fv2%2Fcomments&post=17606"}],"version-history":[{"count":1,"href":"https:\/\/encuentroinformativo.com.mx\/index.php?rest_route=\/wp\/v2\/posts\/17606\/revisions"}],"predecessor-version":[{"id":17607,"href":"https:\/\/encuentroinformativo.com.mx\/index.php?rest_route=\/wp\/v2\/posts\/17606\/revisions\/17607"}],"wp:featuredmedia":[{"embeddable":true,"href":"https:\/\/encuentroinformativo.com.mx\/index.php?rest_route=\/wp\/v2\/media\/17605"}],"wp:attachment":[{"href":"https:\/\/encuentroinformativo.com.mx\/index.php?rest_route=%2Fwp%2Fv2%2Fmedia&parent=17606"}],"wp:term":[{"taxonomy":"category","embeddable":true,"href":"https:\/\/encuentroinformativo.com.mx\/index.php?rest_route=%2Fwp%2Fv2%2Fcategories&post=17606"},{"taxonomy":"post_tag","embeddable":true,"href":"https:\/\/encuentroinformativo.com.mx\/index.php?rest_route=%2Fwp%2Fv2%2Ftags&post=17606"}],"curies":[{"name":"wp","href":"https:\/\/api.w.org\/{rel}","templated":true}]}}