{"id":17613,"date":"2021-08-22T12:42:07","date_gmt":"2021-08-22T17:42:07","guid":{"rendered":"https:\/\/encuentroinformativo.com.mx\/?p=17613"},"modified":"2021-08-22T12:42:11","modified_gmt":"2021-08-22T17:42:11","slug":"alista-ine-asignacion-de-diputaciones-plurinominales","status":"publish","type":"post","link":"https:\/\/encuentroinformativo.com.mx\/?p=17613","title":{"rendered":"Alista INE asignaci\u00f3n de diputaciones plurinominales"},"content":{"rendered":"\n<p>Ciudad de M\u00e9xico.- La Comisi\u00f3n de Prerrogativas y Partidos Pol\u00edticos\u00a0pondr\u00e1 a consideraci\u00f3n del Consejo General del\u00a0Instituto Nacional Electoral (INE)\u00a0la declaraci\u00f3n de validez de la elecci\u00f3n de\u00a0200\u00a0diputaciones\u00a0por el\u00a0principio de Representaci\u00f3n Proporcional, as\u00ed como la asignaci\u00f3n\u00a0de\u00a0curules\u00a0para\u00a0los partidos pol\u00edticos nacionales Acci\u00f3n Nacional, Revolucionario Institucional, de la Revoluci\u00f3n Democr\u00e1tica, del Trabajo, Verde Ecologista de M\u00e9xico, Movimiento Ciudadano y Morena\u00a0para el periodo 2021-2024.<\/p>\n\n\n\n<p>En sesi\u00f3n extraordinaria,\u00a0la Comisi\u00f3n inform\u00f3 que,\u00a0tomando en consideraci\u00f3n\u00a0las disposiciones constitucionales y la\u00a0f\u00f3rmula establecida en la Ley General de Instituciones y Procedimientos Electorales (LGIPE),\u00a0los c\u00f3mputos distritales que quedaron firmes y las recomposiciones de votos realizadas por las Salas del\u00a0Tribunal Electoral del Poder Judicial\u00a0de la Federaci\u00f3n\u00a0(TEPJF).<\/p>\n\n\n\n<p><strong><em>Criterios permiten solventar diferencias<\/em><\/strong><strong><em>&nbsp;y<\/em><\/strong><strong><em>&nbsp;<\/em><\/strong><strong><em>dar certeza en la designaci\u00f3n de diputaciones<\/em><\/strong><\/p>\n\n\n\n<p>La&nbsp;presidenta&nbsp;de la Comisi\u00f3n de Prerrogativas y Partidos Pol\u00edticos del INE,&nbsp;Claudia Zavala&nbsp;ponder\u00f3 el consenso&nbsp;que se alcanz\u00f3&nbsp;\u201ccon garant\u00eda de derechos, con interpretaciones, con principios,&nbsp;dimos&nbsp;seguridad jur\u00eddica y certeza para todas las personas que ocupar\u00e1n las diputaciones\u201d.<\/p>\n\n\n\n<p>Llegar a este momento con estabilidad y certeza en la aplicaci\u00f3n de la ley \u201cse debe al trabajo realizado, implic\u00f3 construir criterios, atajar problemas que se hab\u00edan advertido no s\u00f3lo en la interpretaci\u00f3n sino en la distorsi\u00f3n que se estaba generando\u201d y se logr\u00f3 enriquecer el ejercicio,&nbsp;estableci\u00f3.<\/p>\n\n\n\n<p><strong><em>248 curules de la C\u00e1mara de Diputados ser\u00e1n para mujeres<\/em><\/strong><\/p>\n\n\n\n<p>La&nbsp;Consejera Adriana Favela resalt\u00f3 que con la aplicaci\u00f3n de nuevas reglas se verifica la afiliaci\u00f3n efectiva que \u201cayuda a desterrar ideas de que se sobrerrepresenta a un partido pol\u00edtico\u201d, adem\u00e1s de que&nbsp;\u201cse sigue una integraci\u00f3n casi paritaria de la C\u00e1mara de&nbsp;Diputados&nbsp;\u201ctendr\u00edamos 248 curules para mujeres, 148 de Mayor\u00eda Relativa y las 100 de Representaci\u00f3n Proporcional, lo que dar\u00eda un total de 248 diputaciones\u201d.<\/p>\n\n\n\n<p>Con lo anterior coincidi\u00f3 la Consejera Dania Ravel, al celebrar el incremento de las mujeres en las diputaciones que permitir\u00e1 repetir una legislatura de la paridad.&nbsp;\u201cTenemos buenas cuentas que dar en la integraci\u00f3n paritaria, no solamente nos quedamos con las postulaciones paritarias, sino que hicimos esfuerzos adicionales&nbsp;para lograrlo\u201d, por lo que demand\u00f3&nbsp;\u201cno bajar la guardia\u201d.<\/p>\n\n\n\n<p>El Consejero Mart\u00edn Faz&nbsp;enfatiz\u00f3 que el acuerdo&nbsp;atiende lo se\u00f1alado en la norma constitucional&nbsp;y se plasman&nbsp;las diversas acciones afirmativas aprobadas&nbsp;por el Consejo General que permiten otorgar espacios de representaci\u00f3n a grupos en situaci\u00f3n de vulnerabilidad.<\/p>\n\n\n\n<p>En tanto, el Consejero Uuc-kib Espadas&nbsp;hizo \u00e9nfasis en que \u00e9sta fue la elecci\u00f3n m\u00e1s importante y m\u00e1s democr\u00e1tica porque en la asignaci\u00f3n de las diputaciones de representaci\u00f3n proporcional, se lleva la voz al Congreso&nbsp;del 90 por ciento de quienes acuden a las urnas. \u201cEstos 200 diputados representan a nueve de cada 10 mexicanos que acudieron a las urnas, mientras que los de&nbsp;Mayor\u00eda&nbsp;Relativa s\u00f3lo llevan consigo la representaci\u00f3n del 45 por ciento de quienes ejercieron su derecho al voto\u201d, detall\u00f3.<\/p>\n\n\n\n<p>El Consejero Jos\u00e9 Roberto Ruiz acompa\u00f1\u00f3 el criterio&nbsp;por el cual se determin\u00f3 que&nbsp;Rogelio Franco&nbsp;Cast\u00e1n, candidato propietario por el principio de Representaci\u00f3n Proporcional por el&nbsp;PRD, aunque est\u00e1 en prisi\u00f3n preventiva, al no estar suspendidos sus derechos pol\u00edtico-electorales y bajo el principio de presunci\u00f3n de inocencia, cumple los requisitos de elegibilidad que establece la Constituci\u00f3n, se le otorga la diputaci\u00f3n federal en &nbsp;tanto no haya sentencia penal condenatoria, por lo que se propone otorgarle la constancia de asignaci\u00f3n correspondiente.<\/p>\n\n\n\n<p>El Director Ejecutivo de Prerrogativas y Partidos Pol\u00edticos, Patricio Ballados&nbsp;Villag\u00f3mez&nbsp;especific\u00f3&nbsp;que el jueves pasado el TEPJF resolvi\u00f3 las \u00faltimas impugnaciones de la elecci\u00f3n de&nbsp;diputaciones federales, luego de resolver 536 juicios y 170 recursos de reconsideraci\u00f3n, as\u00ed como un asunto general, derivado de esto, se \u201chace este cierre que permite tener cifras&nbsp;definitivas\u201d.<\/p>\n\n\n\n<p>Precis\u00f3 que las bancadas de la pr\u00f3xima&nbsp;legislatura quedar\u00edan integradas de la siguiente manera: El PAN tendr\u00eda un total de 114 esca\u00f1os, 73 de&nbsp;Mayor\u00eda&nbsp;Relativa y 41 de&nbsp;Representaci\u00f3n&nbsp;Proporcional. El PRI 70, 30 de&nbsp;Mayor\u00eda&nbsp;Relativa y 40 de&nbsp;Representaci\u00f3n&nbsp;Proporcional. El PRD, 15 diputaciones, siete de&nbsp;Mayor\u00eda&nbsp;Relativa y ocho de Representaci\u00f3n&nbsp;Proporcional. El PT, 37&nbsp;curules,&nbsp;30 y siete, respectivamente. El PVEM, una bancada de 43 personas,&nbsp;31 de&nbsp;Mayor\u00eda&nbsp;Relativa&nbsp;y&nbsp;12 de&nbsp;Representaci\u00f3n&nbsp;Proporcional. MC siete y&nbsp;16,&nbsp;para un total de&nbsp;23. Morena 198 diputaciones, 122 de&nbsp;Mayor\u00eda&nbsp;Relativa y 76 de&nbsp;Representaci\u00f3n&nbsp;Proporcional.<\/p>\n\n\n\n<p>El proyecto de la Comisi\u00f3n se pondr\u00e1 a consideraci\u00f3n del Consejo General del INE en su pr\u00f3xima sesi\u00f3n.<\/p>\n","protected":false},"excerpt":{"rendered":"<p>Ciudad de M\u00e9xico.- La Comisi\u00f3n de Prerrogativas y Partidos Pol\u00edticos\u00a0pondr\u00e1 a consideraci\u00f3n del Consejo General del\u00a0Instituto Nacional Electoral (INE)\u00a0la declaraci\u00f3n de validez de la elecci\u00f3n de\u00a0200\u00a0diputaciones\u00a0por el\u00a0principio de Representaci\u00f3n Proporcional, as\u00ed como la asignaci\u00f3n\u00a0de\u00a0curules\u00a0para\u00a0los partidos pol\u00edticos nacionales Acci\u00f3n Nacional, Revolucionario Institucional, de la Revoluci\u00f3n Democr\u00e1tica, del Trabajo, Verde Ecologista de M\u00e9xico, Movimiento Ciudadano y Morena\u00a0para [&hellip;]<\/p>\n","protected":false},"author":1,"featured_media":14963,"comment_status":"open","ping_status":"open","sticky":false,"template":"","format":"standard","meta":{"_jetpack_memberships_contains_paid_content":false,"footnotes":""},"categories":[2],"tags":[],"class_list":["post-17613","post","type-post","status-publish","format-standard","has-post-thumbnail","hentry","category-estado"],"jetpack_featured_media_url":"https:\/\/encuentroinformativo.com.mx\/wp-content\/uploads\/2021\/06\/5F27D38B-4106-4DD6-B93F-9CEEFD1A0676.jpeg","jetpack_sharing_enabled":true,"jetpack_likes_enabled":true,"amp_enabled":true,"_links":{"self":[{"href":"https:\/\/encuentroinformativo.com.mx\/index.php?rest_route=\/wp\/v2\/posts\/17613","targetHints":{"allow":["GET"]}}],"collection":[{"href":"https:\/\/encuentroinformativo.com.mx\/index.php?rest_route=\/wp\/v2\/posts"}],"about":[{"href":"https:\/\/encuentroinformativo.com.mx\/index.php?rest_route=\/wp\/v2\/types\/post"}],"author":[{"embeddable":true,"href":"https:\/\/encuentroinformativo.com.mx\/index.php?rest_route=\/wp\/v2\/users\/1"}],"replies":[{"embeddable":true,"href":"https:\/\/encuentroinformativo.com.mx\/index.php?rest_route=%2Fwp%2Fv2%2Fcomments&post=17613"}],"version-history":[{"count":1,"href":"https:\/\/encuentroinformativo.com.mx\/index.php?rest_route=\/wp\/v2\/posts\/17613\/revisions"}],"predecessor-version":[{"id":17614,"href":"https:\/\/encuentroinformativo.com.mx\/index.php?rest_route=\/wp\/v2\/posts\/17613\/revisions\/17614"}],"wp:featuredmedia":[{"embeddable":true,"href":"https:\/\/encuentroinformativo.com.mx\/index.php?rest_route=\/wp\/v2\/media\/14963"}],"wp:attachment":[{"href":"https:\/\/encuentroinformativo.com.mx\/index.php?rest_route=%2Fwp%2Fv2%2Fmedia&parent=17613"}],"wp:term":[{"taxonomy":"category","embeddable":true,"href":"https:\/\/encuentroinformativo.com.mx\/index.php?rest_route=%2Fwp%2Fv2%2Fcategories&post=17613"},{"taxonomy":"post_tag","embeddable":true,"href":"https:\/\/encuentroinformativo.com.mx\/index.php?rest_route=%2Fwp%2Fv2%2Ftags&post=17613"}],"curies":[{"name":"wp","href":"https:\/\/api.w.org\/{rel}","templated":true}]}}