{"id":17621,"date":"2021-08-22T18:15:01","date_gmt":"2021-08-22T23:15:01","guid":{"rendered":"https:\/\/encuentroinformativo.com.mx\/?p=17621"},"modified":"2021-08-23T01:22:33","modified_gmt":"2021-08-23T06:22:33","slug":"en-loma-bonita-vecinos-habian-solicitado-mutis-de-contencion","status":"publish","type":"post","link":"https:\/\/encuentroinformativo.com.mx\/?p=17621","title":{"rendered":"En Loma Bonita, vecinos hab\u00edan solicitado muros de contenci\u00f3n"},"content":{"rendered":"\n<p><strong>Juan Arcos<\/strong> <\/p>\n\n\n\n<p>Xalapa, Ver.- Vecinos de la zona oeste-norte de la ciudad de Xalapa hab\u00edan presentado una serie de solicitudes para la construcci\u00f3n de muros de contenci\u00f3n y as\u00ed evitar tragedias por deslaves.<\/p>\n\n\n\n<p>As\u00ed lo dio a conocer Arely Hern\u00e1ndez Alvarado, presidenta de la asociaci\u00f3n civil Renovaci\u00f3n Veracruzana, quien adem\u00e1s lament\u00f3 que una ni\u00f1a, de siete a\u00f1os, muriera el pasado s\u00e1bado en la prolongaci\u00f3n Francisco I. Madero, colonia Loma Bonita, a causa de un alud de tierra que cay\u00f3 sobre su vivienda y la sepult\u00f3.<\/p>\n\n\n\n<p>Lo anterior, tras las fuertes lluvias y vientos que origin\u00f3 el paso del hurac\u00e1n \u201cGrace\u201d por el territorio estatal.<\/p>\n\n\n\n<p>Las personas hab\u00edan solicitado al ayuntamiento de Xalapa que construyera muros de contenci\u00f3n en la zona; sin embargo, su respuesta fue que carec\u00eda de recursos econ\u00f3micos para llevar a cabo la obra.<\/p>\n\n\n\n<p>\u201cMuy triste para las familias, la triste realidad de que las autoridades no atienden, se les solicitan muros de contenci\u00f3n y nunca hay recursos econ\u00f3micos seg\u00fan ellos\u201d.<\/p>\n\n\n\n<p>Critic\u00f3 que autoridades municipales hayan incurrido en subejercicios y regresado dinero a la Federaci\u00f3n, cuando \u00e9ste pudo haber sido utilizado para las obras mencionadas.<\/p>\n\n\n\n<p>\u201cVemos c\u00f3mo despilfarran el recurso en otras actividades de ellos y sobre todo en regresarlo a la Federaci\u00f3n. Es muy lamentable y al mismo tiempo es una burla, que solo acuden a hacer c\u00f3mo un simulacro de que van a ayudar\u201d.<\/p>\n\n\n\n<p>Hern\u00e1ndez Alvarado record\u00f3 que las autoridades s\u00f3lo han ofrecido a las familias vulnerables que sean alojadas en refugios temporales.<\/p>\n\n\n\n<p>\u201cMuy dif\u00edcil va a ser que reubiquen a algunas familias o que les apoyen en el tema de muros de contenci\u00f3n. No vayamos lejos, mi terreno colinda con una cancha donde el ayuntamiento de Xalapa hizo un corte y no han atendido nuestra petici\u00f3n. Es una desgracia\u201d, remat\u00f3.<\/p>\n","protected":false},"excerpt":{"rendered":"<p>Juan Arcos Xalapa, Ver.- Vecinos de la zona oeste-norte de la ciudad de Xalapa hab\u00edan presentado una serie de solicitudes para la construcci\u00f3n de muros de contenci\u00f3n y as\u00ed evitar tragedias por deslaves. As\u00ed lo dio a conocer Arely Hern\u00e1ndez Alvarado, presidenta de la asociaci\u00f3n civil Renovaci\u00f3n Veracruzana, quien adem\u00e1s lament\u00f3 que una ni\u00f1a, de [&hellip;]<\/p>\n","protected":false},"author":1,"featured_media":17622,"comment_status":"open","ping_status":"open","sticky":false,"template":"","format":"standard","meta":{"_jetpack_memberships_contains_paid_content":false,"footnotes":""},"categories":[3],"tags":[],"class_list":["post-17621","post","type-post","status-publish","format-standard","has-post-thumbnail","hentry","category-xalapa"],"jetpack_featured_media_url":"https:\/\/encuentroinformativo.com.mx\/wp-content\/uploads\/2021\/08\/D3FAA680-A98E-4457-B06F-D5BCDF2876DE.jpeg","jetpack_sharing_enabled":true,"jetpack_likes_enabled":true,"amp_enabled":true,"_links":{"self":[{"href":"https:\/\/encuentroinformativo.com.mx\/index.php?rest_route=\/wp\/v2\/posts\/17621","targetHints":{"allow":["GET"]}}],"collection":[{"href":"https:\/\/encuentroinformativo.com.mx\/index.php?rest_route=\/wp\/v2\/posts"}],"about":[{"href":"https:\/\/encuentroinformativo.com.mx\/index.php?rest_route=\/wp\/v2\/types\/post"}],"author":[{"embeddable":true,"href":"https:\/\/encuentroinformativo.com.mx\/index.php?rest_route=\/wp\/v2\/users\/1"}],"replies":[{"embeddable":true,"href":"https:\/\/encuentroinformativo.com.mx\/index.php?rest_route=%2Fwp%2Fv2%2Fcomments&post=17621"}],"version-history":[{"count":2,"href":"https:\/\/encuentroinformativo.com.mx\/index.php?rest_route=\/wp\/v2\/posts\/17621\/revisions"}],"predecessor-version":[{"id":17624,"href":"https:\/\/encuentroinformativo.com.mx\/index.php?rest_route=\/wp\/v2\/posts\/17621\/revisions\/17624"}],"wp:featuredmedia":[{"embeddable":true,"href":"https:\/\/encuentroinformativo.com.mx\/index.php?rest_route=\/wp\/v2\/media\/17622"}],"wp:attachment":[{"href":"https:\/\/encuentroinformativo.com.mx\/index.php?rest_route=%2Fwp%2Fv2%2Fmedia&parent=17621"}],"wp:term":[{"taxonomy":"category","embeddable":true,"href":"https:\/\/encuentroinformativo.com.mx\/index.php?rest_route=%2Fwp%2Fv2%2Fcategories&post=17621"},{"taxonomy":"post_tag","embeddable":true,"href":"https:\/\/encuentroinformativo.com.mx\/index.php?rest_route=%2Fwp%2Fv2%2Ftags&post=17621"}],"curies":[{"name":"wp","href":"https:\/\/api.w.org\/{rel}","templated":true}]}}