{"id":17626,"date":"2021-08-23T10:26:25","date_gmt":"2021-08-23T15:26:25","guid":{"rendered":"https:\/\/encuentroinformativo.com.mx\/?p=17626"},"modified":"2021-08-23T10:26:29","modified_gmt":"2021-08-23T15:26:29","slug":"hipolito-le-fallo-a-cuitlahuac","status":"publish","type":"post","link":"https:\/\/encuentroinformativo.com.mx\/?p=17626","title":{"rendered":"Hip\u00f3lito le fall\u00f3 a Cuitl\u00e1huac"},"content":{"rendered":"\n<p><strong>N\u00fameros Rojos<\/strong><\/p>\n\n\n\n<p><strong>Brenda Caballero<\/strong><\/p>\n\n\n\n<p>Fue dif\u00edcil dormir la madrugada del s\u00e1bado. El viento azotaba la ventana y la lluvia no ces\u00f3 ni un minuto. Era la llegada del Hurac\u00e1n Grace cuya entrada se pronosticaba el fin de semana como categor\u00eda 1, despu\u00e9s de su paso por Yucat\u00e1n y Quintana Roo.<\/p>\n\n\n\n<p>Pasada la media noche, suena el whatsapp\u2026 pasan el informe: 7 mil 829 elementos de Protecci\u00f3n Civil estatal y municipales, Seguridad P\u00fablica, Marina, Guardia Nacional, CFE, Conafor, Sesver, Sedema, Cruz Roja y otras m\u00e1s; 886 veh\u00edculos, 217 refugios, 70 ambulancias, 7 unidades de ataque r\u00e1pido, 3 aeronaves, 30 camiones cisterna, 7 plantas potabilizadoras, 54 plantas de emergencia, 28 embarcaciones y hasta 28 equipos equinos y caninos entre otros. No especifica d\u00f3nde, por lo que debo entender que cubren todo el estado de Veracruz.<\/p>\n\n\n\n<p>Vuelvo a dormir con la \u201ctranquilidad\u201d que puede dar un Gobierno que est\u00e1 pendiente de sus gobernados. \u00bfSuficientes recursos materiales y humanos para atender a una poblaci\u00f3n de m\u00e1s de 8 millones de habitantes? La informaci\u00f3n va acompa\u00f1ada por una selecci\u00f3n de 83 municipios considerados de alto riesgo. Se entiende entonces que \u00fanicamente cubrir\u00e1n la poblaci\u00f3n de esos puntos, pero \u00bfqu\u00e9 pasa si el Hurac\u00e1n cobra fuerza e ingresa a territorio veracruzano como categor\u00eda 3 con rachas de 220 kil\u00f3metros por hora y lluvias torrenciales? Se puede decir la verdad, como lo hizo la Secretaria de Protecci\u00f3n Civil Guadalupe Osorno Maldonado, quien en rueda de prensa expres\u00f3 que no esperaban esa fuerza alcanzada por Grace. Aunque la misma Guadalupe desde el mi\u00e9rcoles reconoc\u00eda que los pron\u00f3sticos iban muy al norte, pero que iban bajando.<\/p>\n\n\n\n<p>Aunque se dice que todos los recursos se concentraron en el Norte del estado de Veracruz porque all\u00ed impactar\u00eda Grace, lo cierto es que en los municipios contemplados como alto riesgo est\u00e1 Xalapa.&nbsp;<\/p>\n\n\n\n<p>Aunque si se trata de n\u00fameros, hablando de refugios, Veracruz \u00fanicamente cont\u00f3 con 217, cifra menor a los refugios establecidos en Puebla (622) e Hidalgo (239).<\/p>\n\n\n\n<p>De acuerdo a las cifras de la Coordinaci\u00f3n Nacional de Protecci\u00f3n Civil, Veracruz report\u00f3 273 personas albergadas en 27 refugios activos en los municipios de Tuxpan, Espinal, Tihuatl\u00e1n, Cazones de Herrera, Poza Rica y Nautla.<\/p>\n\n\n\n<p>A\u00fan as\u00ed, no se pudo evitar p\u00e9rdidas humanas y Grace marca con saldo rojo a Veracruz con 8 muertos tras su paso: un adulto mayor en Poza Rica que a pesar de las recomendaciones de resguardarse en casa por el Hurac\u00e1n, transitaba por la calle cuando un domo se le vino encima; aunque es la capital, Xalapa la que concentra la muerte de 6 miembros de una familia: Kevin de 9 a\u00f1os, Axel Jair de 4 a\u00f1os, Cristofer de 5 a\u00f1os, las ni\u00f1as Alexa de 3 a\u00f1os y Mar\u00eda Fernanda de apenas 15 d\u00edas, junto a su madre Dora Isabel de 27 a\u00f1os; y a unos 800 metros de esa misma zona, en la calle Francisco I. Madero, una pared de concreto colapsa y otra ni\u00f1a de 7 a\u00f1os que dorm\u00eda en su habitaci\u00f3n, pierde la vida sepultada por el lodo.<\/p>\n\n\n\n<p>\u00bfSe pudo evitar esas muertes? \u00bfPor qu\u00e9 no se alberg\u00f3 a la familia Moreno que viv\u00eda en zona de alto riesgo como se hizo con los 273 albergados en la zona norte? \u00bfQu\u00e9 pas\u00f3 en la capital?<\/p>\n\n\n\n<p>Se puede tratar de justificar que muchos y muchas se asientan de manera irregular poniendo en riesgo sus vidas, pero \u00bfy las autoridades municipales? \u00bfProtecci\u00f3n Civil Estatal, Desarrollo Urbano?&nbsp;<\/p>\n\n\n\n<p>Si bien pertenecen al mismo partido pol\u00edtico, estado y municipio, Hip\u00f3lito no se puede echar a dormir y cargarle la mano al gobierno estatal porque a\u00fan le quedan algunos meses siendo alcalde de Xalapa y tiene que responder hasta el \u00faltimo minuto en que deje el cargo.<\/p>\n\n\n\n<p>Como xalape\u00f1a, nunca vi en la p\u00e1gina oficial del Ayuntamiento de Xalapa o en sus redes sociales mencionar a los ciudadanos destacar las colonias en riesgo, tal y como lo hizo el Gobierno Estatal con sus municipios\u2026 tan solo las recomendaciones generales del paso de alg\u00fan Hurac\u00e1n.<\/p>\n\n\n\n<p>Ahora bien, mencionan que la zona donde vive la familia Moreno no tiene buen acceso a internet. \u00bfSaldr\u00edan a convencer personalmente a los habitantes a irse a alg\u00fan refugio o m\u00ednimo fueron con un altavoz a prevenirlos?<\/p>\n\n\n\n<p>La imagen donde un rescatista carga el cuerpo de un peque\u00f1o es desgarradora. Sin duda pudiera haberse evitado.&nbsp;<\/p>\n\n\n\n<p>Horas despu\u00e9s, Hip\u00f3lito recorre las zonas afectadas de la capital, acci\u00f3n que no se le vio antes del impacto del Hurac\u00e1n. Falta de previsi\u00f3n del a\u00fan Alcalde, que pone el ejemplo del dicho: \u201cmuerto el ni\u00f1o, a tapar el pozo\u201d.<\/p>\n\n\n\n<p>@NumerosRojos_BC<\/p>\n\n\n\n<p><a href=\"mailto:caballero_brenda@hotmail.com\" target=\"_blank\" rel=\"noreferrer noopener\">caballero_brenda@hotmail.com<\/a><\/p>\n","protected":false},"excerpt":{"rendered":"<p>N\u00fameros Rojos Brenda Caballero Fue dif\u00edcil dormir la madrugada del s\u00e1bado. El viento azotaba la ventana y la lluvia no ces\u00f3 ni un minuto. Era la llegada del Hurac\u00e1n Grace cuya entrada se pronosticaba el fin de semana como categor\u00eda 1, despu\u00e9s de su paso por Yucat\u00e1n y Quintana Roo. Pasada la media noche, suena [&hellip;]<\/p>\n","protected":false},"author":1,"featured_media":387,"comment_status":"open","ping_status":"open","sticky":false,"template":"","format":"standard","meta":{"_jetpack_memberships_contains_paid_content":false,"footnotes":""},"categories":[11],"tags":[],"class_list":["post-17626","post","type-post","status-publish","format-standard","has-post-thumbnail","hentry","category-opinion"],"jetpack_featured_media_url":"https:\/\/encuentroinformativo.com.mx\/wp-content\/uploads\/2020\/03\/7CF8A22B-2764-47BE-8F7F-38FE9E5D6A2F.jpeg","jetpack_sharing_enabled":true,"jetpack_likes_enabled":true,"amp_enabled":true,"_links":{"self":[{"href":"https:\/\/encuentroinformativo.com.mx\/index.php?rest_route=\/wp\/v2\/posts\/17626","targetHints":{"allow":["GET"]}}],"collection":[{"href":"https:\/\/encuentroinformativo.com.mx\/index.php?rest_route=\/wp\/v2\/posts"}],"about":[{"href":"https:\/\/encuentroinformativo.com.mx\/index.php?rest_route=\/wp\/v2\/types\/post"}],"author":[{"embeddable":true,"href":"https:\/\/encuentroinformativo.com.mx\/index.php?rest_route=\/wp\/v2\/users\/1"}],"replies":[{"embeddable":true,"href":"https:\/\/encuentroinformativo.com.mx\/index.php?rest_route=%2Fwp%2Fv2%2Fcomments&post=17626"}],"version-history":[{"count":1,"href":"https:\/\/encuentroinformativo.com.mx\/index.php?rest_route=\/wp\/v2\/posts\/17626\/revisions"}],"predecessor-version":[{"id":17627,"href":"https:\/\/encuentroinformativo.com.mx\/index.php?rest_route=\/wp\/v2\/posts\/17626\/revisions\/17627"}],"wp:featuredmedia":[{"embeddable":true,"href":"https:\/\/encuentroinformativo.com.mx\/index.php?rest_route=\/wp\/v2\/media\/387"}],"wp:attachment":[{"href":"https:\/\/encuentroinformativo.com.mx\/index.php?rest_route=%2Fwp%2Fv2%2Fmedia&parent=17626"}],"wp:term":[{"taxonomy":"category","embeddable":true,"href":"https:\/\/encuentroinformativo.com.mx\/index.php?rest_route=%2Fwp%2Fv2%2Fcategories&post=17626"},{"taxonomy":"post_tag","embeddable":true,"href":"https:\/\/encuentroinformativo.com.mx\/index.php?rest_route=%2Fwp%2Fv2%2Ftags&post=17626"}],"curies":[{"name":"wp","href":"https:\/\/api.w.org\/{rel}","templated":true}]}}