{"id":17628,"date":"2021-08-23T10:32:12","date_gmt":"2021-08-23T15:32:12","guid":{"rendered":"https:\/\/encuentroinformativo.com.mx\/?p=17628"},"modified":"2021-08-23T10:32:16","modified_gmt":"2021-08-23T15:32:16","slug":"desastre-y-tragedia","status":"publish","type":"post","link":"https:\/\/encuentroinformativo.com.mx\/?p=17628","title":{"rendered":"Desastre y tragedia"},"content":{"rendered":"\n<p><strong>Los Pol\u00edticos<\/strong><\/p>\n\n\n\n<p><strong>Salvador Mu\u00f1oz<\/strong><\/p>\n\n\n\n<p>A los xalape\u00f1os nos queda en claro algo: la Plaza \u00c1nimas est\u00e1 lejos, muy lejos de seguir pretendiendo cobrar por estacionamiento, luego de que, nuevamente, un fen\u00f3meno meteorol\u00f3gico exhibe la trampa en que puede convertirse su aparcamiento subterr\u00e1neo.<\/p>\n\n\n\n<p>Supongo que por la hora, entre 7 y 8 de la ma\u00f1ana del s\u00e1bado, ser\u00eda muy dif\u00edcil que hubiera un veh\u00edculo en la parte baja de dicha plaza, por lo que \u201ca ojo de buen cubetero de 4T\u201d, se descarta da\u00f1os en alguna unidad motora. Ahora que si de pura mala suerte hubo alg\u00fan madrugador o noct\u00e1mbulo que haya dejado su carro all\u00ed, hay que recordar que el estacionamiento cuenta con avisos donde dejan en claro que la administraci\u00f3n de la plaza no se hace responsable de alg\u00fan siniestro en los coches all\u00ed estacionados.<\/p>\n\n\n\n<p>\u00bfRecuerda cu\u00e1ntas ocasiones el estacionamiento de esta plaza ha sido receptor de caudales pluviales con o sin efectos de hurac\u00e1n? El paisaje en este centro comercial ya es conocido por mucho por el xalape\u00f1o, por el inquilino de Las Animas como el que tiene que trasladarse por la carretera que pasa al lado de dicha Plaza y de repente, ve interrumpido su viaje porque el nivel del camino queda rebasado por las aguas que el colector pluvial de Murillo Vidal trae y revientan precisamente en el tramo de la Plaza.<\/p>\n\n\n\n<p>En otras palabras, as\u00ed como est\u00e1 de lejos que la Plaza Animas cobre por el estacionamiento ante el inminente riesgo de que una tromba, tormenta, aguacero, azote la capital veracruzana e inunde el aparcamiento, igual est\u00e1 de lejos que los due\u00f1os de esta unidad comercial lleven una demanda o propuesta de soluci\u00f3n a las autoridades, sean municipales o estatales o federales, o las tres, para resolver que estos golpes de agua que azotan la plaza, para que un d\u00eda cesen, en beneficio de los comerciantes de Las Animas, de sus clientes, as\u00ed como de quienes usan la carretera extensi\u00f3n de la avenida L\u00e1zaro C\u00e1rdenas.<\/p>\n\n\n\n<p><strong>II<\/strong><\/p>\n\n\n\n<p>Desconozco qu\u00e9 tanto una autoridad municipal tiene competencia para pedir a familias en zonas de riesgo, su desalojo en aras de salvaguardar su integridad.<\/p>\n\n\n\n<p>Vi una foto de una pareja de ancianos, con el agua hasta las rodillas, que decidieron quedarse en su casa. Las razones pueden ser varias aunque la m\u00e1s socorrida es el temor de que su hogar sea v\u00edctima de los amantes de lo ajeno. El caso de la familia Moreno, donde la madre y cinco ni\u00f1os pierden la vida bajo un alud de tierra, debe ser un principio para evitar estos desenlaces fatales.<\/p>\n\n\n\n<p>Debo suponer que nuestras autoridades municipales tienen una carta geogr\u00e1fica urbana, incluida la semiurbana, donde se\u00f1alan las zonas de alto, mediano y bajo riesgo y las condiciones por las que se sit\u00faan as\u00ed, sea por cerros, r\u00edos o hasta ductos, o casos como los que se viven a la altura de Plaza Animas o en el fraccionamiento Las Fuentes.<\/p>\n\n\n\n<p>Si la tecnolog\u00eda nos permite a estas alturas prever golpes mete\u00f3ricos, entonces hay que hacer uso de Refugios Temporales un d\u00eda o dos antes del evento natural y los necesarios posteriores para que las autoridades correspondientes descarten riesgos y peligros.<\/p>\n\n\n\n<p>\u00bfY qu\u00e9 pasa si el vecino se niega a salir de su hogar? \u00bfUna carta responsiva? \u00bfY si hay menores de edad? \u00bfLa intervenci\u00f3n del DIF municipal?<\/p>\n\n\n\n<p>Algo deben hacer autoridades y vecinos, porque as\u00ed como vemos ese paisaje en Plaza Animas en cada tormenta inusitada , del otro lado de la moneda, en aquellas colonias con asentamientos irregulares o ubicadas en zonas y avenidas donde la naturaleza demanda sus rutas, seguiremos viendo el desastre en diversas proporciones y en el peor de los casos, la tragedia.<\/p>\n\n\n\n<p><a href=\"mailto:smcainito@gmail.com\" target=\"_blank\" rel=\"noreferrer noopener\">smcainito@gmail.com<\/a><\/p>\n","protected":false},"excerpt":{"rendered":"<p>Los Pol\u00edticos Salvador Mu\u00f1oz A los xalape\u00f1os nos queda en claro algo: la Plaza \u00c1nimas est\u00e1 lejos, muy lejos de seguir pretendiendo cobrar por estacionamiento, luego de que, nuevamente, un fen\u00f3meno meteorol\u00f3gico exhibe la trampa en que puede convertirse su aparcamiento subterr\u00e1neo. Supongo que por la hora, entre 7 y 8 de la ma\u00f1ana del [&hellip;]<\/p>\n","protected":false},"author":1,"featured_media":387,"comment_status":"open","ping_status":"open","sticky":false,"template":"","format":"standard","meta":{"_jetpack_memberships_contains_paid_content":false,"footnotes":""},"categories":[11],"tags":[],"class_list":["post-17628","post","type-post","status-publish","format-standard","has-post-thumbnail","hentry","category-opinion"],"jetpack_featured_media_url":"https:\/\/encuentroinformativo.com.mx\/wp-content\/uploads\/2020\/03\/7CF8A22B-2764-47BE-8F7F-38FE9E5D6A2F.jpeg","jetpack_sharing_enabled":true,"jetpack_likes_enabled":true,"amp_enabled":true,"_links":{"self":[{"href":"https:\/\/encuentroinformativo.com.mx\/index.php?rest_route=\/wp\/v2\/posts\/17628","targetHints":{"allow":["GET"]}}],"collection":[{"href":"https:\/\/encuentroinformativo.com.mx\/index.php?rest_route=\/wp\/v2\/posts"}],"about":[{"href":"https:\/\/encuentroinformativo.com.mx\/index.php?rest_route=\/wp\/v2\/types\/post"}],"author":[{"embeddable":true,"href":"https:\/\/encuentroinformativo.com.mx\/index.php?rest_route=\/wp\/v2\/users\/1"}],"replies":[{"embeddable":true,"href":"https:\/\/encuentroinformativo.com.mx\/index.php?rest_route=%2Fwp%2Fv2%2Fcomments&post=17628"}],"version-history":[{"count":1,"href":"https:\/\/encuentroinformativo.com.mx\/index.php?rest_route=\/wp\/v2\/posts\/17628\/revisions"}],"predecessor-version":[{"id":17629,"href":"https:\/\/encuentroinformativo.com.mx\/index.php?rest_route=\/wp\/v2\/posts\/17628\/revisions\/17629"}],"wp:featuredmedia":[{"embeddable":true,"href":"https:\/\/encuentroinformativo.com.mx\/index.php?rest_route=\/wp\/v2\/media\/387"}],"wp:attachment":[{"href":"https:\/\/encuentroinformativo.com.mx\/index.php?rest_route=%2Fwp%2Fv2%2Fmedia&parent=17628"}],"wp:term":[{"taxonomy":"category","embeddable":true,"href":"https:\/\/encuentroinformativo.com.mx\/index.php?rest_route=%2Fwp%2Fv2%2Fcategories&post=17628"},{"taxonomy":"post_tag","embeddable":true,"href":"https:\/\/encuentroinformativo.com.mx\/index.php?rest_route=%2Fwp%2Fv2%2Ftags&post=17628"}],"curies":[{"name":"wp","href":"https:\/\/api.w.org\/{rel}","templated":true}]}}