{"id":17630,"date":"2021-08-23T12:05:29","date_gmt":"2021-08-23T17:05:29","guid":{"rendered":"https:\/\/encuentroinformativo.com.mx\/?p=17630"},"modified":"2021-08-23T12:05:33","modified_gmt":"2021-08-23T17:05:33","slug":"nos-tienen-en-el-olvido-acusan-colonos","status":"publish","type":"post","link":"https:\/\/encuentroinformativo.com.mx\/?p=17630","title":{"rendered":"\u201cNos tienen en el olvido\u201d, acusan colonos"},"content":{"rendered":"\n<p><strong>Juan Arcos<\/strong><\/p>\n\n\n\n<p>Xalapa, Ver.- Vecinos de la ni\u00f1a, de siete a\u00f1os, que muri\u00f3 en la colonia Loma Bonita, tras un derrumbe por los efectos del hurac\u00e1n \u201cGrace\u201d, protestaron en el centro de la ciudad, para solicitar la intervenci\u00f3n de las autoridades, debido a que la vida de 20 familias est\u00e1 en riesgo por la misma situaci\u00f3n.<\/p>\n\n\n\n<p>Las personas se concentraron sobre Plaza Sebasti\u00e1n Lerdo de Tejada y, posteriormente, bloquearon la calle Juan de la Luz Enr\u00edquez durante varios minutos, en busca de que fuesen atendidas las principales necesidades de sus colonias.<\/p>\n\n\n\n<p>Los quejosos forman parte de la agrupaci\u00f3n Colonias Unidas 21 de Marzo, integrada por vecinos, tambi\u00e9n de las colonias Ampliaci\u00f3n 21 de Marzo, Loma Bonita, Ampliaci\u00f3n Loma Bonita y Represillas, donde hay carencias por la falta de pavimentaci\u00f3n de calles, colectores pluviales y muros de contenci\u00f3n.<\/p>\n\n\n\n<p>De acuerdo con F\u00e9lix Romero Mart\u00ednez, vecino de la colonia 21 de marzo, dichas zonas est\u00e1n olvidadas y requieren una urgente atenci\u00f3n para evitar que haya m\u00e1s p\u00e9rdidas humanas durante esta temporada de lluvias y ciclones tropicales.<\/p>\n\n\n\n<p>\u201cEsa colonia est\u00e1 olvidada pr\u00e1cticamente, lleva un promedio de 30 a\u00f1os, y hemos estado gestionando lo que es pavimentaci\u00f3n, alumbrado, drenaje, lleva un promedio de 10 a\u00f1os\u201d, expres\u00f3.<\/p>\n\n\n\n<p>Coment\u00f3 que se han reunido con diferentes \u00e1reas del ayuntamiento de Xalapa como Desarrollo Urbano y Participaci\u00f3n Ciudadana, incluso, han sido firmadas minutas de trabajo pero los colonos se encuentran en la misma situaci\u00f3n.<\/p>\n\n\n\n<p>El entrevistado se\u00f1al\u00f3 que si las lluvias persisten podr\u00edan colapsar otras 20 casas en la misma zona oeste-norte de la capital del estado.<\/p>\n\n\n\n<p>\u201cAhorita por el hurac\u00e1n ya hubo muertes, son mis vecinos y lo peor es que fueron ni\u00f1os, queremos que haya una respuesta pronta porque la verdad es que hay m\u00e1s casas\u201d.\u00a0<br>Romero Mart\u00ednez enfatiz\u00f3 que es necesaria la construcci\u00f3n de muros de contenci\u00f3n por parte del ayuntamiento de Xalapa y la reubicaci\u00f3n temporal de las familias vulnerables.<\/p>\n\n\n\n<p>Los colonos tambi\u00e9n comentaron que decenas de familias est\u00e1n en riesgo en la colonia Brisas del Sede\u00f1o, donde una familia completa muri\u00f3 sepultada por un alud de tierra, entre ellas una beb\u00e9 de 15 d\u00edas de nacida.<\/p>\n\n\n\n<figure class=\"wp-block-image size-large\"><img loading=\"lazy\" decoding=\"async\" width=\"1024\" height=\"768\" src=\"https:\/\/encuentroinformativo.com.mx\/wp-content\/uploads\/2021\/08\/7CDD4091-AEB6-43F1-B126-99D50D532FC6-1024x768.jpeg\" alt=\"\" class=\"wp-image-17632\" srcset=\"https:\/\/encuentroinformativo.com.mx\/wp-content\/uploads\/2021\/08\/7CDD4091-AEB6-43F1-B126-99D50D532FC6-1024x768.jpeg 1024w, https:\/\/encuentroinformativo.com.mx\/wp-content\/uploads\/2021\/08\/7CDD4091-AEB6-43F1-B126-99D50D532FC6-300x225.jpeg 300w, https:\/\/encuentroinformativo.com.mx\/wp-content\/uploads\/2021\/08\/7CDD4091-AEB6-43F1-B126-99D50D532FC6-768x576.jpeg 768w, https:\/\/encuentroinformativo.com.mx\/wp-content\/uploads\/2021\/08\/7CDD4091-AEB6-43F1-B126-99D50D532FC6-1536x1152.jpeg 1536w, https:\/\/encuentroinformativo.com.mx\/wp-content\/uploads\/2021\/08\/7CDD4091-AEB6-43F1-B126-99D50D532FC6.jpeg 2016w\" sizes=\"auto, (max-width: 1024px) 100vw, 1024px\" \/><\/figure>\n","protected":false},"excerpt":{"rendered":"<p>Juan Arcos Xalapa, Ver.- Vecinos de la ni\u00f1a, de siete a\u00f1os, que muri\u00f3 en la colonia Loma Bonita, tras un derrumbe por los efectos del hurac\u00e1n \u201cGrace\u201d, protestaron en el centro de la ciudad, para solicitar la intervenci\u00f3n de las autoridades, debido a que la vida de 20 familias est\u00e1 en riesgo por la misma [&hellip;]<\/p>\n","protected":false},"author":1,"featured_media":17631,"comment_status":"open","ping_status":"open","sticky":false,"template":"","format":"standard","meta":{"_jetpack_memberships_contains_paid_content":false,"footnotes":""},"categories":[3],"tags":[],"class_list":["post-17630","post","type-post","status-publish","format-standard","has-post-thumbnail","hentry","category-xalapa"],"jetpack_featured_media_url":"https:\/\/encuentroinformativo.com.mx\/wp-content\/uploads\/2021\/08\/9C2D7875-EB88-4708-A409-9BCFA623E321.jpeg","jetpack_sharing_enabled":true,"jetpack_likes_enabled":true,"amp_enabled":true,"_links":{"self":[{"href":"https:\/\/encuentroinformativo.com.mx\/index.php?rest_route=\/wp\/v2\/posts\/17630","targetHints":{"allow":["GET"]}}],"collection":[{"href":"https:\/\/encuentroinformativo.com.mx\/index.php?rest_route=\/wp\/v2\/posts"}],"about":[{"href":"https:\/\/encuentroinformativo.com.mx\/index.php?rest_route=\/wp\/v2\/types\/post"}],"author":[{"embeddable":true,"href":"https:\/\/encuentroinformativo.com.mx\/index.php?rest_route=\/wp\/v2\/users\/1"}],"replies":[{"embeddable":true,"href":"https:\/\/encuentroinformativo.com.mx\/index.php?rest_route=%2Fwp%2Fv2%2Fcomments&post=17630"}],"version-history":[{"count":1,"href":"https:\/\/encuentroinformativo.com.mx\/index.php?rest_route=\/wp\/v2\/posts\/17630\/revisions"}],"predecessor-version":[{"id":17633,"href":"https:\/\/encuentroinformativo.com.mx\/index.php?rest_route=\/wp\/v2\/posts\/17630\/revisions\/17633"}],"wp:featuredmedia":[{"embeddable":true,"href":"https:\/\/encuentroinformativo.com.mx\/index.php?rest_route=\/wp\/v2\/media\/17631"}],"wp:attachment":[{"href":"https:\/\/encuentroinformativo.com.mx\/index.php?rest_route=%2Fwp%2Fv2%2Fmedia&parent=17630"}],"wp:term":[{"taxonomy":"category","embeddable":true,"href":"https:\/\/encuentroinformativo.com.mx\/index.php?rest_route=%2Fwp%2Fv2%2Fcategories&post=17630"},{"taxonomy":"post_tag","embeddable":true,"href":"https:\/\/encuentroinformativo.com.mx\/index.php?rest_route=%2Fwp%2Fv2%2Ftags&post=17630"}],"curies":[{"name":"wp","href":"https:\/\/api.w.org\/{rel}","templated":true}]}}