{"id":17637,"date":"2021-08-23T13:02:49","date_gmt":"2021-08-23T18:02:49","guid":{"rendered":"https:\/\/encuentroinformativo.com.mx\/?p=17637"},"modified":"2021-08-23T13:02:55","modified_gmt":"2021-08-23T18:02:55","slug":"no-cesan-desapariciones-en-veracruz-ranulfo-hernandez","status":"publish","type":"post","link":"https:\/\/encuentroinformativo.com.mx\/?p=17637","title":{"rendered":"No cesan desapariciones en Veracruz: Ranulfo Hern\u00e1ndez"},"content":{"rendered":"\n<p><strong>Juan Arcos<\/strong><\/p>\n\n\n\n<p>Xalapa, Ver.- Integrantes del Frente Nacional de Lucha por el Socialismo (FNLS) denunciaron que los homicidios dolosos y las desapariciones forzadas contra activistas contin\u00faan registr\u00e1ndose en el estado de Veracruz, durante los gobiernos de la Cuarta Transformaci\u00f3n.<\/p>\n\n\n\n<p>Un peque\u00f1o grupo de ellos protest\u00f3 frente a Palacio de Gobierno para anunciar una jornada de protestas en el marco del D\u00eda Internacional de las V\u00edctimas de Desapariciones Forzadas, que se conmemora el 30 de agosto.<\/p>\n\n\n\n<p>De acuerdo con Ranulfo Hern\u00e1ndez Dolores, representante del FNLS en la regi\u00f3n Huasteca, que comprende a los estados de Hidalgo y Veracruz, se tiene contemplado realizar m\u00edtines, bloqueos carreteros y otras acciones, en busca de justicia para los desaparecidos y asesinados.<\/p>\n\n\n\n<p>\u201cContin\u00faan las desapariciones en Veracruz, tambi\u00e9n nos enteramos del asesinato de un reportero en d\u00edas pasados, la pr\u00e1ctica contin\u00faa en la llamada Cuarta Transformaci\u00f3n\u201d, expres\u00f3.\u00a0<\/p>\n\n\n\n<p>Cabe recordar que, el pasado jueves 19 de agosto, el reportero Jacinto Romero Flores fue asesinado a balazos en la comunidad Potrerillo, municipio de Ixtaczoquitl\u00e1n, ubicado en la zona central monta\u00f1osa de Veracruz.\u00a0<\/p>\n\n\n\n<p>El entrevistado record\u00f3 que ha ocurrido tambi\u00e9n el asesinato de defensores del medio ambiente, del territorio, del agua y de los bosques en la entidad veracruzana.\u00a0<br>Por tal motivo, exigieron que cesen los cr\u00edmenes contra luchadores sociales durante el actual gobierno federal y estatal.<\/p>\n\n\n\n<p>Hern\u00e1ndez Dolores se\u00f1al\u00f3 que tambi\u00e9n se ha registrado la desaparici\u00f3n de personas que no son luchadores sociales, pero que han sido v\u00edctimas de la delincuencia que impera en Veracruz y el pa\u00eds.<\/p>\n\n\n\n<p>\u201cPor el simple hecho de ser pobres tambi\u00e9n se nos criminaliza de ser terroristas o incitadores para perseguirnos y encarcelarnos\u201d.<\/p>\n\n\n\n<p>Los integrantes del FNLS tambi\u00e9n exigieron la liberaci\u00f3n de su compa\u00f1ero Higinio Bustos Navarro, detenido el pasado 4 de mayo en el municipio de Chicontepec y acusado del asesinato de un militar hace m\u00e1s de diez a\u00f1os, a quien consideran un preso pol\u00edtico.<\/p>\n","protected":false},"excerpt":{"rendered":"<p>Juan Arcos Xalapa, Ver.- Integrantes del Frente Nacional de Lucha por el Socialismo (FNLS) denunciaron que los homicidios dolosos y las desapariciones forzadas contra activistas contin\u00faan registr\u00e1ndose en el estado de Veracruz, durante los gobiernos de la Cuarta Transformaci\u00f3n. Un peque\u00f1o grupo de ellos protest\u00f3 frente a Palacio de Gobierno para anunciar una jornada de [&hellip;]<\/p>\n","protected":false},"author":1,"featured_media":17638,"comment_status":"open","ping_status":"open","sticky":false,"template":"","format":"standard","meta":{"_jetpack_memberships_contains_paid_content":false,"footnotes":""},"categories":[2],"tags":[],"class_list":["post-17637","post","type-post","status-publish","format-standard","has-post-thumbnail","hentry","category-estado"],"jetpack_featured_media_url":"https:\/\/encuentroinformativo.com.mx\/wp-content\/uploads\/2021\/08\/BE0720AC-785E-4AD8-A5F4-D8626B7BC30E.jpeg","jetpack_sharing_enabled":true,"jetpack_likes_enabled":true,"amp_enabled":true,"_links":{"self":[{"href":"https:\/\/encuentroinformativo.com.mx\/index.php?rest_route=\/wp\/v2\/posts\/17637","targetHints":{"allow":["GET"]}}],"collection":[{"href":"https:\/\/encuentroinformativo.com.mx\/index.php?rest_route=\/wp\/v2\/posts"}],"about":[{"href":"https:\/\/encuentroinformativo.com.mx\/index.php?rest_route=\/wp\/v2\/types\/post"}],"author":[{"embeddable":true,"href":"https:\/\/encuentroinformativo.com.mx\/index.php?rest_route=\/wp\/v2\/users\/1"}],"replies":[{"embeddable":true,"href":"https:\/\/encuentroinformativo.com.mx\/index.php?rest_route=%2Fwp%2Fv2%2Fcomments&post=17637"}],"version-history":[{"count":1,"href":"https:\/\/encuentroinformativo.com.mx\/index.php?rest_route=\/wp\/v2\/posts\/17637\/revisions"}],"predecessor-version":[{"id":17639,"href":"https:\/\/encuentroinformativo.com.mx\/index.php?rest_route=\/wp\/v2\/posts\/17637\/revisions\/17639"}],"wp:featuredmedia":[{"embeddable":true,"href":"https:\/\/encuentroinformativo.com.mx\/index.php?rest_route=\/wp\/v2\/media\/17638"}],"wp:attachment":[{"href":"https:\/\/encuentroinformativo.com.mx\/index.php?rest_route=%2Fwp%2Fv2%2Fmedia&parent=17637"}],"wp:term":[{"taxonomy":"category","embeddable":true,"href":"https:\/\/encuentroinformativo.com.mx\/index.php?rest_route=%2Fwp%2Fv2%2Fcategories&post=17637"},{"taxonomy":"post_tag","embeddable":true,"href":"https:\/\/encuentroinformativo.com.mx\/index.php?rest_route=%2Fwp%2Fv2%2Ftags&post=17637"}],"curies":[{"name":"wp","href":"https:\/\/api.w.org\/{rel}","templated":true}]}}