{"id":17640,"date":"2021-08-23T14:30:19","date_gmt":"2021-08-23T19:30:19","guid":{"rendered":"https:\/\/encuentroinformativo.com.mx\/?p=17640"},"modified":"2021-08-23T14:30:24","modified_gmt":"2021-08-23T19:30:24","slug":"tras-grace-aparece-palizada-en-playas-de-veracruz-puerto","status":"publish","type":"post","link":"https:\/\/encuentroinformativo.com.mx\/?p=17640","title":{"rendered":"Tras Grace, aparece palizada en playas de Veracruz puerto"},"content":{"rendered":"\n<p><strong>Alejandro \u00c1vila<\/strong><\/p>\n\n\n\n<p>Veracruz, Ver.- Dos d\u00edas despu\u00e9s de haber impactado el hurac\u00e1n &#8220;Grace&#8221; en la entidad veracruzana, sobre todo en la zona norte del Estado, este domingo por la tarde y lunes por la ma\u00f1ana, se registr\u00f3 una palizada en las playas de Villa del Mar en Veracruz puerto.<\/p>\n\n\n\n<p>El director de Servicios Municipales, Juan Carlos Torres, detall\u00f3 que esta palizada la arroj\u00f3 el r\u00edo Jamapa, proveniente de Boca del R\u00edo, y como cada \u00e9poca de lluvias se incrementa el n\u00famero de basura que llega a playas del municipio de Veracruz.<\/p>\n\n\n\n<p>&#8220;En este momento en playa Villa del Mar hay un poco m\u00e1s de palizada. Desde el d\u00eda de ayer (domingo) por la ma\u00f1ana estamos trabajando, ayer sali\u00f3 palizada, digamos corta, peque\u00f1a, hojas y algunos troncos muy peque\u00f1os, pero ahorita ya ha habido una palizada mayor, ya ahorita se est\u00e1n haciendo los trabajos para poder entrar a limpiarlo&#8221;, apunt\u00f3.<\/p>\n\n\n\n<p>El funcionario municipal, mencion\u00f3 que son 25 elementos los que se encargan de la limpieza de playas de manera cas\u00ed diaria, aunque este lunes ingresar\u00e1 una maquinaria para poder remover los troncos de mayor peso y tama\u00f1o.<\/p>\n\n\n\n<p>&#8220;Regulamente las palizadas siempre son en \u00e9pocas de lluvias, es lo que desprende la monta\u00f1a, lo que nos trae de basura, y yo creo que con la lluvia que estuvo fuerte en la zona de monta\u00f1a, es posible que ahorita, durante los pr\u00f3ximos d\u00edas estemos todav\u00eda con un poco m\u00e1s de palizada&#8221;, remat\u00f3.<\/p>\n","protected":false},"excerpt":{"rendered":"<p>Alejandro \u00c1vila Veracruz, Ver.- Dos d\u00edas despu\u00e9s de haber impactado el hurac\u00e1n &#8220;Grace&#8221; en la entidad veracruzana, sobre todo en la zona norte del Estado, este domingo por la tarde y lunes por la ma\u00f1ana, se registr\u00f3 una palizada en las playas de Villa del Mar en Veracruz puerto. El director de Servicios Municipales, Juan [&hellip;]<\/p>\n","protected":false},"author":1,"featured_media":17641,"comment_status":"open","ping_status":"open","sticky":false,"template":"","format":"standard","meta":{"_jetpack_memberships_contains_paid_content":false,"footnotes":""},"categories":[2],"tags":[],"class_list":["post-17640","post","type-post","status-publish","format-standard","has-post-thumbnail","hentry","category-estado"],"jetpack_featured_media_url":"https:\/\/encuentroinformativo.com.mx\/wp-content\/uploads\/2021\/08\/124BAFF6-BA81-4A79-B807-BF8241EC7831.jpeg","jetpack_sharing_enabled":true,"jetpack_likes_enabled":true,"amp_enabled":true,"_links":{"self":[{"href":"https:\/\/encuentroinformativo.com.mx\/index.php?rest_route=\/wp\/v2\/posts\/17640","targetHints":{"allow":["GET"]}}],"collection":[{"href":"https:\/\/encuentroinformativo.com.mx\/index.php?rest_route=\/wp\/v2\/posts"}],"about":[{"href":"https:\/\/encuentroinformativo.com.mx\/index.php?rest_route=\/wp\/v2\/types\/post"}],"author":[{"embeddable":true,"href":"https:\/\/encuentroinformativo.com.mx\/index.php?rest_route=\/wp\/v2\/users\/1"}],"replies":[{"embeddable":true,"href":"https:\/\/encuentroinformativo.com.mx\/index.php?rest_route=%2Fwp%2Fv2%2Fcomments&post=17640"}],"version-history":[{"count":1,"href":"https:\/\/encuentroinformativo.com.mx\/index.php?rest_route=\/wp\/v2\/posts\/17640\/revisions"}],"predecessor-version":[{"id":17642,"href":"https:\/\/encuentroinformativo.com.mx\/index.php?rest_route=\/wp\/v2\/posts\/17640\/revisions\/17642"}],"wp:featuredmedia":[{"embeddable":true,"href":"https:\/\/encuentroinformativo.com.mx\/index.php?rest_route=\/wp\/v2\/media\/17641"}],"wp:attachment":[{"href":"https:\/\/encuentroinformativo.com.mx\/index.php?rest_route=%2Fwp%2Fv2%2Fmedia&parent=17640"}],"wp:term":[{"taxonomy":"category","embeddable":true,"href":"https:\/\/encuentroinformativo.com.mx\/index.php?rest_route=%2Fwp%2Fv2%2Fcategories&post=17640"},{"taxonomy":"post_tag","embeddable":true,"href":"https:\/\/encuentroinformativo.com.mx\/index.php?rest_route=%2Fwp%2Fv2%2Ftags&post=17640"}],"curies":[{"name":"wp","href":"https:\/\/api.w.org\/{rel}","templated":true}]}}