{"id":17653,"date":"2021-08-23T14:58:09","date_gmt":"2021-08-23T19:58:09","guid":{"rendered":"https:\/\/encuentroinformativo.com.mx\/?p=17653"},"modified":"2021-08-23T14:58:13","modified_gmt":"2021-08-23T19:58:13","slug":"vecinos-reclaman-obras-en-la-21-de-marzo","status":"publish","type":"post","link":"https:\/\/encuentroinformativo.com.mx\/?p=17653","title":{"rendered":"Vecinos reclaman obras en la 21 de Marzo"},"content":{"rendered":"\n<p><strong>Dar\u00edo Pale <\/strong><\/p>\n\n\n\n<p>Xalapa, Ver.- Habitantes de la colonia 21 de Marzo se manifestaron en la plaza Lerdo para pedir obras de drenaje, ductos de agua pluvial y pavimentaci\u00f3n as\u00ed como muros de contenci\u00f3n, con la finalidad de evitar tragedias como las que se presentaron los d\u00edas pasados.<\/p>\n\n\n\n<p>En entrevista, la se\u00f1ora Lidia Montano Mart\u00ednez, se\u00f1al\u00f3 que los habitantes que viven cerca del distribuidor &#8220;Francisco I. Madero&#8221;, que abarca varias colonias, entre \u00e9stas la 21 de marzo, exigen la reubicaci\u00f3n de al menos una decena de familias que viven en una zona ejidal de alto riesgo.<\/p>\n\n\n\n<p>Tras las fuertes lluvias del s\u00e1bado provocadas por el paso del hurac\u00e1n<em> Grace<\/em> \u00e9sta fue una de las zonas m\u00e1s afectadas y d\u00f3nde se ubican varias viviendas en laderas y a punto de caerse, por lo que urgen la atenci\u00f3n de las autoridades para evitar tragedias como la ocurrida el s\u00e1bado en dicha colonia donde muri\u00f3 una ni\u00f1a de 7 a\u00f1os y en una colonia aleda\u00f1a 5 menores m\u00e1s.<\/p>\n\n\n\n<p>&#8220;En la colonia 21 de Marzo est\u00e1 el distribuidor Francisco I Madero que conduce a 5 colonias y ah\u00ed viven alrededor de 400 y casi 2 mil personas. No tenemos manera de que pasen los principales servicios como patrullas y ambulancias&#8221;, se\u00f1al\u00f3.<\/p>\n\n\n\n<p>Explic\u00f3 que a trav\u00e9s de asentamientos irregulares la gente lleg\u00f3 a vivir a toda esa zona, hace m\u00e1s de 30 a\u00f1os, pero ahora exigen que les pavimenten, les hagan tragatormentas para evitar que los escurrimientos reblandezcan las laderas y por ende caigan encima de las casas, como paso este fin de semana, unas se ubican en lugares de alto riesgo tienen alrededor de 15 de haberse asentado y a\u00fan no est\u00e1n regularizadas.<\/p>\n\n\n\n<p>Antes de la tragedia del s\u00e1bado los vecinos ya hab\u00edan insistido en solicitar estas obras y pedir la reubicaci\u00f3n de las familias donde se est\u00e1n deslavando los cerros, &#8220;llevamos dos minutas firmadas y no han respetado ni la mitad. Venimos a exigir que se tome en cuenta porque est\u00e1 colapsando. Hay m\u00e1s casas a punto de derrumbarse&#8221; agreg\u00f3 el se\u00f1or F\u00e9lix Romero.<\/p>\n\n\n\n<p>No tenemos manera de que pasen los servicios como patrullas, ambulancias, basura, mucho menos un taxi, como hay peligro de asaltos tampoco suben a pie y ahorita se nos est\u00e1n derrumbando algunas casas&#8221;, se\u00f1al\u00f3.<\/p>\n\n\n\n<p>Explic\u00f3 que mucha gente vendi\u00f3 parte del ejido y ahora quienes compraron habitan una zona que no est\u00e1 regularizada, por ende no pueden acceder a servicios y entonces quieren ser reubicados.<\/p>\n\n\n\n<p>&#8220;No est\u00e1 regularizada, de hecho es ejido toda esa zona, pero est\u00e1 demasiado poblada, bastante poblada, son alrededor de 400 familias. No sabemos cu\u00e1ntas son en particular, porque es una zona de cerros, de colinas, compraron de acuerdo a su presupuesto&#8221;, coment\u00f3.<\/p>\n\n\n\n<p>&#8220;Le queremos pedir al Gobernador que ponga manos en el asunto con muros de contenci\u00f3n, reubicaciones o que pavimenten y se ejecute un proyecto de CMAS para conducir las aguas de lluvia porque se nos est\u00e1n inundando las casas&#8221;, finaliz\u00f3.<\/p>\n\n\n\n<figure class=\"wp-block-image size-large\"><img loading=\"lazy\" decoding=\"async\" width=\"1024\" height=\"682\" src=\"https:\/\/encuentroinformativo.com.mx\/wp-content\/uploads\/2021\/08\/WhatsApp-Image-2021-08-23-at-12.29.04-PM-1024x682.jpeg\" alt=\"\" class=\"wp-image-17655\" srcset=\"https:\/\/encuentroinformativo.com.mx\/wp-content\/uploads\/2021\/08\/WhatsApp-Image-2021-08-23-at-12.29.04-PM-1024x682.jpeg 1024w, https:\/\/encuentroinformativo.com.mx\/wp-content\/uploads\/2021\/08\/WhatsApp-Image-2021-08-23-at-12.29.04-PM-300x200.jpeg 300w, https:\/\/encuentroinformativo.com.mx\/wp-content\/uploads\/2021\/08\/WhatsApp-Image-2021-08-23-at-12.29.04-PM-768x512.jpeg 768w, https:\/\/encuentroinformativo.com.mx\/wp-content\/uploads\/2021\/08\/WhatsApp-Image-2021-08-23-at-12.29.04-PM.jpeg 1280w\" sizes=\"auto, (max-width: 1024px) 100vw, 1024px\" \/><\/figure>\n","protected":false},"excerpt":{"rendered":"<p>Dar\u00edo Pale Xalapa, Ver.- Habitantes de la colonia 21 de Marzo se manifestaron en la plaza Lerdo para pedir obras de drenaje, ductos de agua pluvial y pavimentaci\u00f3n as\u00ed como muros de contenci\u00f3n, con la finalidad de evitar tragedias como las que se presentaron los d\u00edas pasados. En entrevista, la se\u00f1ora Lidia Montano Mart\u00ednez, se\u00f1al\u00f3 [&hellip;]<\/p>\n","protected":false},"author":2476,"featured_media":17654,"comment_status":"open","ping_status":"open","sticky":false,"template":"","format":"standard","meta":{"_jetpack_memberships_contains_paid_content":false,"footnotes":""},"categories":[3],"tags":[],"class_list":["post-17653","post","type-post","status-publish","format-standard","has-post-thumbnail","hentry","category-xalapa"],"jetpack_featured_media_url":"https:\/\/encuentroinformativo.com.mx\/wp-content\/uploads\/2021\/08\/WhatsApp-Image-2021-08-23-at-12.29.01-PM.jpeg","jetpack_sharing_enabled":true,"jetpack_likes_enabled":true,"amp_enabled":true,"_links":{"self":[{"href":"https:\/\/encuentroinformativo.com.mx\/index.php?rest_route=\/wp\/v2\/posts\/17653","targetHints":{"allow":["GET"]}}],"collection":[{"href":"https:\/\/encuentroinformativo.com.mx\/index.php?rest_route=\/wp\/v2\/posts"}],"about":[{"href":"https:\/\/encuentroinformativo.com.mx\/index.php?rest_route=\/wp\/v2\/types\/post"}],"author":[{"embeddable":true,"href":"https:\/\/encuentroinformativo.com.mx\/index.php?rest_route=\/wp\/v2\/users\/2476"}],"replies":[{"embeddable":true,"href":"https:\/\/encuentroinformativo.com.mx\/index.php?rest_route=%2Fwp%2Fv2%2Fcomments&post=17653"}],"version-history":[{"count":1,"href":"https:\/\/encuentroinformativo.com.mx\/index.php?rest_route=\/wp\/v2\/posts\/17653\/revisions"}],"predecessor-version":[{"id":17656,"href":"https:\/\/encuentroinformativo.com.mx\/index.php?rest_route=\/wp\/v2\/posts\/17653\/revisions\/17656"}],"wp:featuredmedia":[{"embeddable":true,"href":"https:\/\/encuentroinformativo.com.mx\/index.php?rest_route=\/wp\/v2\/media\/17654"}],"wp:attachment":[{"href":"https:\/\/encuentroinformativo.com.mx\/index.php?rest_route=%2Fwp%2Fv2%2Fmedia&parent=17653"}],"wp:term":[{"taxonomy":"category","embeddable":true,"href":"https:\/\/encuentroinformativo.com.mx\/index.php?rest_route=%2Fwp%2Fv2%2Fcategories&post=17653"},{"taxonomy":"post_tag","embeddable":true,"href":"https:\/\/encuentroinformativo.com.mx\/index.php?rest_route=%2Fwp%2Fv2%2Ftags&post=17653"}],"curies":[{"name":"wp","href":"https:\/\/api.w.org\/{rel}","templated":true}]}}