{"id":1766,"date":"2020-04-10T14:23:43","date_gmt":"2020-04-10T19:23:43","guid":{"rendered":"https:\/\/encuentroinformativo.com\/?p=1766"},"modified":"2020-04-10T14:24:14","modified_gmt":"2020-04-10T19:24:14","slug":"ex-verificadores-del-inegi-demandan-por-despido-injustificado","status":"publish","type":"post","link":"https:\/\/encuentroinformativo.com.mx\/?p=1766","title":{"rendered":"Ex verificadores del INEGI, demandan por despido injustificado"},"content":{"rendered":"\n<p><strong>Juan Arcos <\/strong><\/p>\n\n\n\n<p>Xalapa, Ver.- Verificadores procedieron legalmente contra el Instituto Nacional de Estad\u00edstica y Geograf\u00eda (INEGI) por despido injustificado.<\/p>\n\n\n\n<p>Los trabajadores denunciaron que siguen sin recibir su pago por los servicios que brindaron al INEGI.<\/p>\n\n\n\n<p>Se habla de que m\u00e1s de 80 trabajadores se encuentran en la misma situaci\u00f3n. Hab\u00edan firmado un contrato hasta el 17 de abril.<\/p>\n\n\n\n<p>Sin embargo, el pasado 31 de marzo, les notificaron que ya no se presentaran a trabajar por la contingencia sanitaria.<\/p>\n\n\n\n<p>Martha, una de los afectados, quien solicit\u00f3 el anonimato, la mayor\u00eda de los trabajadores firmaron la renuncia, pues fueron amenazados con no darles empleo en INEGI nuevamente.<\/p>\n\n\n\n<p>Sin embargo, asegur\u00f3 que al menos dos empleados decidieron no firmar y demandar al INEGI por despido injustificado ante las instancias correspondientes.<\/p>\n\n\n\n<p>El jueves 9 de abril, les avisaron que les hab\u00edan depositado 150 pesos, monto que correspond\u00eda al trabajo de campo por el \u00faltimo d\u00eda que laboraron, que fue el lunes 30 de marzo.<\/p>\n\n\n\n<p>Adem\u00e1s les aseguraron que en la siguiente quincena les pagar\u00edan cuatro d\u00edas, del 31 de marzo al 3 de abril, pero no les informaron el monto.<\/p>\n\n\n\n<p>\u201cCorresponder\u00eda a la quincena que no nos van a pagar\u201d, a\u00f1adi\u00f3 la entrevistada.<\/p>\n\n\n\n<p>Los despedidos descartaron realizar manifestaciones en esta ciudad para exigir sus derechos laborales, pues consideraron que la contingencia sanitaria por el coronavirus no lo permite y su salud y la de sus familias es prioritaria.<\/p>\n\n\n\n<p><\/p>\n\n\n\n<p><\/p>\n","protected":false},"excerpt":{"rendered":"<p>Juan Arcos Xalapa, Ver.- Verificadores procedieron legalmente contra el Instituto Nacional de Estad\u00edstica y Geograf\u00eda (INEGI) por despido injustificado. Los trabajadores denunciaron que siguen sin recibir su pago por los servicios que brindaron al INEGI. Se habla de que m\u00e1s de 80 trabajadores se encuentran en la misma situaci\u00f3n. Hab\u00edan firmado un contrato hasta el [&hellip;]<\/p>\n","protected":false},"author":1,"featured_media":1767,"comment_status":"open","ping_status":"open","sticky":false,"template":"","format":"standard","meta":{"_jetpack_memberships_contains_paid_content":false,"footnotes":""},"categories":[2],"tags":[],"class_list":["post-1766","post","type-post","status-publish","format-standard","has-post-thumbnail","hentry","category-estado"],"jetpack_featured_media_url":"https:\/\/encuentroinformativo.com.mx\/wp-content\/uploads\/2020\/04\/CC5AA2DE-B76A-4AF9-9A0A-92A8AA0F05D9.jpeg","jetpack_sharing_enabled":true,"jetpack_likes_enabled":true,"amp_enabled":true,"_links":{"self":[{"href":"https:\/\/encuentroinformativo.com.mx\/index.php?rest_route=\/wp\/v2\/posts\/1766","targetHints":{"allow":["GET"]}}],"collection":[{"href":"https:\/\/encuentroinformativo.com.mx\/index.php?rest_route=\/wp\/v2\/posts"}],"about":[{"href":"https:\/\/encuentroinformativo.com.mx\/index.php?rest_route=\/wp\/v2\/types\/post"}],"author":[{"embeddable":true,"href":"https:\/\/encuentroinformativo.com.mx\/index.php?rest_route=\/wp\/v2\/users\/1"}],"replies":[{"embeddable":true,"href":"https:\/\/encuentroinformativo.com.mx\/index.php?rest_route=%2Fwp%2Fv2%2Fcomments&post=1766"}],"version-history":[{"count":1,"href":"https:\/\/encuentroinformativo.com.mx\/index.php?rest_route=\/wp\/v2\/posts\/1766\/revisions"}],"predecessor-version":[{"id":1768,"href":"https:\/\/encuentroinformativo.com.mx\/index.php?rest_route=\/wp\/v2\/posts\/1766\/revisions\/1768"}],"wp:featuredmedia":[{"embeddable":true,"href":"https:\/\/encuentroinformativo.com.mx\/index.php?rest_route=\/wp\/v2\/media\/1767"}],"wp:attachment":[{"href":"https:\/\/encuentroinformativo.com.mx\/index.php?rest_route=%2Fwp%2Fv2%2Fmedia&parent=1766"}],"wp:term":[{"taxonomy":"category","embeddable":true,"href":"https:\/\/encuentroinformativo.com.mx\/index.php?rest_route=%2Fwp%2Fv2%2Fcategories&post=1766"},{"taxonomy":"post_tag","embeddable":true,"href":"https:\/\/encuentroinformativo.com.mx\/index.php?rest_route=%2Fwp%2Fv2%2Ftags&post=1766"}],"curies":[{"name":"wp","href":"https:\/\/api.w.org\/{rel}","templated":true}]}}