{"id":17668,"date":"2021-08-23T15:51:20","date_gmt":"2021-08-23T20:51:20","guid":{"rendered":"https:\/\/encuentroinformativo.com.mx\/?p=17668"},"modified":"2021-08-23T15:51:25","modified_gmt":"2021-08-23T20:51:25","slug":"solicitara-gobernador-aplazar-regreso-a-clases-en-zona-norte","status":"publish","type":"post","link":"https:\/\/encuentroinformativo.com.mx\/?p=17668","title":{"rendered":"Solicitar\u00e1 gobernador aplazar regreso a clases en zona norte"},"content":{"rendered":"\n<p><strong>Alejandro \u00c1vila<\/strong><\/p>\n\n\n\n<p>Veracruz, Ver.- El Gobierno de Veracruz har\u00e1 una solicitud a la Secretar\u00eda de Educaci\u00f3n P\u00fablica (SEP), para que se aplace de manera temporal el regreso a clases en los municipios del norte de la entidad que se vieron afectados por el paso del hurac\u00e1n <em>&#8220;Grace&#8221;<\/em>.<\/p>\n\n\n\n<p>El mandatario estatal, Cuitl\u00e1huac Garc\u00eda Jim\u00e9nez, manifest\u00f3 en gira de trabajo por Poza Rica, que esta semana tendr\u00e1 una reuni\u00f3n con la secretaria de Educaci\u00f3n P\u00fablica, Delfina G\u00f3mez \u00c1lvarez, quien les dar\u00e1 a conocer la estrategia de regreso a clases; espacio que aprovechar\u00e1 para pedir que se postergue el regreso a clases en ciertas regiones de Veracruz.&nbsp;<\/p>\n\n\n\n<p>&#8220;Aunque eso tambi\u00e9n est\u00e1 por definirse, probablemente sea de la zona de Mart\u00ednez de la Torre a la zona de \u00c1lamo, en esa regi\u00f3n hac\u00eda el oeste, ser\u00eda de costa a sierra ser\u00eda todo ese sector. Ya definiremos que municipios exactamente comprende esta zona&#8221;, apunt\u00f3.<\/p>\n\n\n\n<p>Tras la reuni\u00f3n del gabinete estatal en Poza Rica, el mandatario dijo que se trabaja en el apoyo a los municipios de la zona norte que han sido afectados, siendo la restauraci\u00f3n de la energ\u00eda el\u00e9ctrica uno de los principales rubros a restablecer.<\/p>\n\n\n\n<p>En ese sentido, dijo que son m\u00e1s de 50 municipios los que se encuentran con declaratoria de emergencia; detall\u00f3 que resultaron afectadas 14 l\u00edneas de alta tensi\u00f3n, de las cuales ya se recuperaron el 80 por ciento, por lo que solo resta las l\u00edneas de media y baja tensi\u00f3n en las zonas altas, esperando que en un m\u00e1ximo 72 horas se tenga al 100 por ciento del servicio de luz.<\/p>\n\n\n\n<p>Finalmente, Garc\u00eda Jim\u00e9nez asever\u00f3 que los caminos hacia zonas rurales de la zona del Totonacapan est\u00e1n liberados, pero exhort\u00f3 a la poblaci\u00f3n a mantenerse alerta ante la creciente de r\u00edos y arroyos, ante las lluvias que se siguen registrando en varias regiones del estado.<\/p>\n","protected":false},"excerpt":{"rendered":"<p>Alejandro \u00c1vila Veracruz, Ver.- El Gobierno de Veracruz har\u00e1 una solicitud a la Secretar\u00eda de Educaci\u00f3n P\u00fablica (SEP), para que se aplace de manera temporal el regreso a clases en los municipios del norte de la entidad que se vieron afectados por el paso del hurac\u00e1n &#8220;Grace&#8221;. El mandatario estatal, Cuitl\u00e1huac Garc\u00eda Jim\u00e9nez, manifest\u00f3 en [&hellip;]<\/p>\n","protected":false},"author":2476,"featured_media":17669,"comment_status":"open","ping_status":"open","sticky":false,"template":"","format":"standard","meta":{"_jetpack_memberships_contains_paid_content":false,"footnotes":""},"categories":[2],"tags":[],"class_list":["post-17668","post","type-post","status-publish","format-standard","has-post-thumbnail","hentry","category-estado"],"jetpack_featured_media_url":"https:\/\/encuentroinformativo.com.mx\/wp-content\/uploads\/2021\/08\/WhatsApp-Image-2021-08-23-at-3.12.25-PM.jpeg","jetpack_sharing_enabled":true,"jetpack_likes_enabled":true,"amp_enabled":true,"_links":{"self":[{"href":"https:\/\/encuentroinformativo.com.mx\/index.php?rest_route=\/wp\/v2\/posts\/17668","targetHints":{"allow":["GET"]}}],"collection":[{"href":"https:\/\/encuentroinformativo.com.mx\/index.php?rest_route=\/wp\/v2\/posts"}],"about":[{"href":"https:\/\/encuentroinformativo.com.mx\/index.php?rest_route=\/wp\/v2\/types\/post"}],"author":[{"embeddable":true,"href":"https:\/\/encuentroinformativo.com.mx\/index.php?rest_route=\/wp\/v2\/users\/2476"}],"replies":[{"embeddable":true,"href":"https:\/\/encuentroinformativo.com.mx\/index.php?rest_route=%2Fwp%2Fv2%2Fcomments&post=17668"}],"version-history":[{"count":1,"href":"https:\/\/encuentroinformativo.com.mx\/index.php?rest_route=\/wp\/v2\/posts\/17668\/revisions"}],"predecessor-version":[{"id":17670,"href":"https:\/\/encuentroinformativo.com.mx\/index.php?rest_route=\/wp\/v2\/posts\/17668\/revisions\/17670"}],"wp:featuredmedia":[{"embeddable":true,"href":"https:\/\/encuentroinformativo.com.mx\/index.php?rest_route=\/wp\/v2\/media\/17669"}],"wp:attachment":[{"href":"https:\/\/encuentroinformativo.com.mx\/index.php?rest_route=%2Fwp%2Fv2%2Fmedia&parent=17668"}],"wp:term":[{"taxonomy":"category","embeddable":true,"href":"https:\/\/encuentroinformativo.com.mx\/index.php?rest_route=%2Fwp%2Fv2%2Fcategories&post=17668"},{"taxonomy":"post_tag","embeddable":true,"href":"https:\/\/encuentroinformativo.com.mx\/index.php?rest_route=%2Fwp%2Fv2%2Ftags&post=17668"}],"curies":[{"name":"wp","href":"https:\/\/api.w.org\/{rel}","templated":true}]}}