{"id":17671,"date":"2021-08-23T16:25:56","date_gmt":"2021-08-23T21:25:56","guid":{"rendered":"https:\/\/encuentroinformativo.com.mx\/?p=17671"},"modified":"2021-08-23T16:26:04","modified_gmt":"2021-08-23T21:26:04","slug":"colectivo-justicia-y-dignidad-denuncia-carpetazo-en-casos-de-desaparecidos","status":"publish","type":"post","link":"https:\/\/encuentroinformativo.com.mx\/?p=17671","title":{"rendered":"Colectivo Justicia y Dignidad denuncia &#8220;carpetazo&#8221; en casos de desaparecidos"},"content":{"rendered":"\n<p><strong>Alejandro \u00c1vila<\/strong><\/p>\n\n\n\n<p>Veracruz, Ver.- El Colectivo Justicia y Dignidad de Veracruz coloc\u00f3 lonas de personas desaparecidas a las afueras del auditorio &#8220;Benito Ju\u00e1rez&#8221; de Veracruz puerto, tal y como lo hizo semanas antes en el estadio de f\u00fatbol Luis de la Fuente &#8220;El Pirata&#8221;.<\/p>\n\n\n\n<p>Lidia Lara, vocera de los familiares, dijo que son 100 familias los que conforman el colectivo, algunas de ellas aunque son de otros estados, sus familiares desaparecieron en Veracruz entre los a\u00f1os 2010 y 2021.<\/p>\n\n\n\n<p>&#8220;Desgraciadamente las autoridades no hacen nada y la Fiscal\u00edas est\u00e1n abarrotadas, tanto que los fiscales pues ya no quieren hacer nada. Entonces tenemos muchas carpetas abandonadas por las Fiscal\u00edas (\u2026) es en todo el Estado, pero aqu\u00ed en el puerto de Veracruz, nosotros hemos trabajado muy de cerca con la fiscal y desgraciadamente cuando no anda de vacaciones anda en curso y vamos a revisar las carpetas y siguen igual&#8221;, declar\u00f3.<\/p>\n\n\n\n<p>Mencion\u00f3 que el \u00faltimo caso es de mayo del 2021, de una hombre que est\u00e1 desaparecido y del cual no hay avance en las investigaciones.<\/p>\n\n\n\n<p>&#8220;Hemos tenido respuestas cuando hemos ido a otros Estados, cuando nos unimos a las brigadas o b\u00fasqueda nacional en vida, cuando vamos a CERESOS y ponemos nuestras lonas, es cuando nos dicen, sabes que, se me hizo parecido o lo vi, y entonces nos empiezan a dar informaci\u00f3n. Pero es cuando salimos del Estado y en otros lugares es cuando nos aportan informaci\u00f3n, y los llamamos posibles positivos&#8221;, subray\u00f3.<\/p>\n\n\n\n<p>Finalmente, los familiares de desaparecidos se trasladaron a la Fiscal\u00eda General del Estado con sede en la colonia Las Bajadas para continuar su manifestaci\u00f3n.<\/p>\n\n\n\n<figure class=\"wp-block-image size-large\"><img loading=\"lazy\" decoding=\"async\" width=\"1024\" height=\"768\" src=\"https:\/\/encuentroinformativo.com.mx\/wp-content\/uploads\/2021\/08\/59F00062-40FA-4292-9B58-5549E9D25100-1024x768.jpeg\" alt=\"\" class=\"wp-image-17673\" srcset=\"https:\/\/encuentroinformativo.com.mx\/wp-content\/uploads\/2021\/08\/59F00062-40FA-4292-9B58-5549E9D25100-1024x768.jpeg 1024w, https:\/\/encuentroinformativo.com.mx\/wp-content\/uploads\/2021\/08\/59F00062-40FA-4292-9B58-5549E9D25100-300x225.jpeg 300w, https:\/\/encuentroinformativo.com.mx\/wp-content\/uploads\/2021\/08\/59F00062-40FA-4292-9B58-5549E9D25100-768x576.jpeg 768w, https:\/\/encuentroinformativo.com.mx\/wp-content\/uploads\/2021\/08\/59F00062-40FA-4292-9B58-5549E9D25100.jpeg 1408w\" sizes=\"auto, (max-width: 1024px) 100vw, 1024px\" \/><\/figure>\n\n\n","protected":false},"excerpt":{"rendered":"<p>Alejandro \u00c1vila Veracruz, Ver.- El Colectivo Justicia y Dignidad de Veracruz coloc\u00f3 lonas de personas desaparecidas a las afueras del auditorio &#8220;Benito Ju\u00e1rez&#8221; de Veracruz puerto, tal y como lo hizo semanas antes en el estadio de f\u00fatbol Luis de la Fuente &#8220;El Pirata&#8221;. Lidia Lara, vocera de los familiares, dijo que son 100 familias [&hellip;]<\/p>\n","protected":false},"author":1,"featured_media":17672,"comment_status":"open","ping_status":"open","sticky":false,"template":"","format":"standard","meta":{"_jetpack_memberships_contains_paid_content":false,"footnotes":""},"categories":[2],"tags":[],"class_list":["post-17671","post","type-post","status-publish","format-standard","has-post-thumbnail","hentry","category-estado"],"jetpack_featured_media_url":"https:\/\/encuentroinformativo.com.mx\/wp-content\/uploads\/2021\/08\/1BBCC8C6-FE22-4771-964F-007E8A6BFBE2.jpeg","jetpack_sharing_enabled":true,"jetpack_likes_enabled":true,"amp_enabled":true,"_links":{"self":[{"href":"https:\/\/encuentroinformativo.com.mx\/index.php?rest_route=\/wp\/v2\/posts\/17671","targetHints":{"allow":["GET"]}}],"collection":[{"href":"https:\/\/encuentroinformativo.com.mx\/index.php?rest_route=\/wp\/v2\/posts"}],"about":[{"href":"https:\/\/encuentroinformativo.com.mx\/index.php?rest_route=\/wp\/v2\/types\/post"}],"author":[{"embeddable":true,"href":"https:\/\/encuentroinformativo.com.mx\/index.php?rest_route=\/wp\/v2\/users\/1"}],"replies":[{"embeddable":true,"href":"https:\/\/encuentroinformativo.com.mx\/index.php?rest_route=%2Fwp%2Fv2%2Fcomments&post=17671"}],"version-history":[{"count":1,"href":"https:\/\/encuentroinformativo.com.mx\/index.php?rest_route=\/wp\/v2\/posts\/17671\/revisions"}],"predecessor-version":[{"id":17674,"href":"https:\/\/encuentroinformativo.com.mx\/index.php?rest_route=\/wp\/v2\/posts\/17671\/revisions\/17674"}],"wp:featuredmedia":[{"embeddable":true,"href":"https:\/\/encuentroinformativo.com.mx\/index.php?rest_route=\/wp\/v2\/media\/17672"}],"wp:attachment":[{"href":"https:\/\/encuentroinformativo.com.mx\/index.php?rest_route=%2Fwp%2Fv2%2Fmedia&parent=17671"}],"wp:term":[{"taxonomy":"category","embeddable":true,"href":"https:\/\/encuentroinformativo.com.mx\/index.php?rest_route=%2Fwp%2Fv2%2Fcategories&post=17671"},{"taxonomy":"post_tag","embeddable":true,"href":"https:\/\/encuentroinformativo.com.mx\/index.php?rest_route=%2Fwp%2Fv2%2Ftags&post=17671"}],"curies":[{"name":"wp","href":"https:\/\/api.w.org\/{rel}","templated":true}]}}