{"id":17675,"date":"2021-08-23T16:35:37","date_gmt":"2021-08-23T21:35:37","guid":{"rendered":"https:\/\/encuentroinformativo.com.mx\/?p=17675"},"modified":"2021-08-23T16:35:42","modified_gmt":"2021-08-23T21:35:42","slug":"ayuntamiento-se-justifica-ya-no-podra-realizar-obras","status":"publish","type":"post","link":"https:\/\/encuentroinformativo.com.mx\/?p=17675","title":{"rendered":"Ayuntamiento se justifica, ya no podr\u00e1 realizar obras"},"content":{"rendered":"\n<p><strong>Dar\u00edo Pale<\/strong><\/p>\n\n\n\n<p>Xalapa, Ver.- Debido a que la actual administraci\u00f3n municipal de Xalapa ya est\u00e1 por concluir su ejercicio ya no podr\u00e1n hacer la obra de pavimentaci\u00f3n de la calle Francisco I. Madero, de la 21 de marzo, as\u00ed lo dio a conocer la directora de Gobernaci\u00f3n del Ayuntamiento de Xalapa, Sandra Arleth Filobello Baez.<\/p>\n\n\n\n<p>Entrevistada en la plaza Lerdo durante la manifestaci\u00f3n de los habitantes de dicha colonia se\u00f1al\u00f3 que, &#8220;desafortunadamente ya estamos en el cierre de administraci\u00f3n y pues no se puede llevar a cabo esa obra (&#8230;) la informaci\u00f3n que yo tengo hasta ahorita es que ya no se podr\u00eda porque ve a qu\u00e9 fecha estamos ahorita&#8221;.<\/p>\n\n\n\n<p>Pese a que en una de estas colonias fue donde un alud sepult\u00f3 a seis menores de edad y una mujer de 27 a\u00f1os, la directora afirm\u00f3 que en temas de Protecci\u00f3n Civil o sobre la reubicaci\u00f3n de las familias, no le correspond\u00edan a ella.<\/p>\n\n\n\n<p>&#8220;Mira, en temas de reubicaci\u00f3n no es conmigo, es directamente con el presidente municipal, es el indicado&#8221;, se\u00f1al\u00f3.<\/p>\n\n\n\n<p>Los manifestantes pidieron a la autoridad municipal que acudan a dichas colonias y se reubiquen a todas las familias que est\u00e1n en riesgo, las cuales dijeron &#8220;son much\u00edsimas&#8221; y puede ocurrir otra tragedia.<\/p>\n\n\n\n<p>Finalmente la directora de Gobernaci\u00f3n municipal asegur\u00f3 que lo que s\u00ed han hecho por parte del Ayuntamiento es apoyar con los proyectos de CMAS y Obras P\u00fablicas, pero la obra en s\u00ed fue trasladada al gobierno estatal.<\/p>\n","protected":false},"excerpt":{"rendered":"<p>Dar\u00edo Pale Xalapa, Ver.- Debido a que la actual administraci\u00f3n municipal de Xalapa ya est\u00e1 por concluir su ejercicio ya no podr\u00e1n hacer la obra de pavimentaci\u00f3n de la calle Francisco I. Madero, de la 21 de marzo, as\u00ed lo dio a conocer la directora de Gobernaci\u00f3n del Ayuntamiento de Xalapa, Sandra Arleth Filobello Baez. [&hellip;]<\/p>\n","protected":false},"author":2476,"featured_media":17676,"comment_status":"open","ping_status":"open","sticky":false,"template":"","format":"standard","meta":{"_jetpack_memberships_contains_paid_content":false,"footnotes":""},"categories":[3],"tags":[],"class_list":["post-17675","post","type-post","status-publish","format-standard","has-post-thumbnail","hentry","category-xalapa"],"jetpack_featured_media_url":"https:\/\/encuentroinformativo.com.mx\/wp-content\/uploads\/2021\/08\/WhatsApp-Image-2021-08-23-at-2.53.29-PM.jpeg","jetpack_sharing_enabled":true,"jetpack_likes_enabled":true,"amp_enabled":true,"_links":{"self":[{"href":"https:\/\/encuentroinformativo.com.mx\/index.php?rest_route=\/wp\/v2\/posts\/17675","targetHints":{"allow":["GET"]}}],"collection":[{"href":"https:\/\/encuentroinformativo.com.mx\/index.php?rest_route=\/wp\/v2\/posts"}],"about":[{"href":"https:\/\/encuentroinformativo.com.mx\/index.php?rest_route=\/wp\/v2\/types\/post"}],"author":[{"embeddable":true,"href":"https:\/\/encuentroinformativo.com.mx\/index.php?rest_route=\/wp\/v2\/users\/2476"}],"replies":[{"embeddable":true,"href":"https:\/\/encuentroinformativo.com.mx\/index.php?rest_route=%2Fwp%2Fv2%2Fcomments&post=17675"}],"version-history":[{"count":1,"href":"https:\/\/encuentroinformativo.com.mx\/index.php?rest_route=\/wp\/v2\/posts\/17675\/revisions"}],"predecessor-version":[{"id":17677,"href":"https:\/\/encuentroinformativo.com.mx\/index.php?rest_route=\/wp\/v2\/posts\/17675\/revisions\/17677"}],"wp:featuredmedia":[{"embeddable":true,"href":"https:\/\/encuentroinformativo.com.mx\/index.php?rest_route=\/wp\/v2\/media\/17676"}],"wp:attachment":[{"href":"https:\/\/encuentroinformativo.com.mx\/index.php?rest_route=%2Fwp%2Fv2%2Fmedia&parent=17675"}],"wp:term":[{"taxonomy":"category","embeddable":true,"href":"https:\/\/encuentroinformativo.com.mx\/index.php?rest_route=%2Fwp%2Fv2%2Fcategories&post=17675"},{"taxonomy":"post_tag","embeddable":true,"href":"https:\/\/encuentroinformativo.com.mx\/index.php?rest_route=%2Fwp%2Fv2%2Ftags&post=17675"}],"curies":[{"name":"wp","href":"https:\/\/api.w.org\/{rel}","templated":true}]}}