{"id":17686,"date":"2021-08-24T10:34:00","date_gmt":"2021-08-24T15:34:00","guid":{"rendered":"https:\/\/encuentroinformativo.com.mx\/?p=17686"},"modified":"2021-08-23T20:38:02","modified_gmt":"2021-08-24T01:38:02","slug":"cierres-viales-no-ayudan-contra-covid-taxistas","status":"publish","type":"post","link":"https:\/\/encuentroinformativo.com.mx\/?p=17686","title":{"rendered":"Cierres viales no ayudan contra Covid: Taxistas"},"content":{"rendered":"\n<p><strong>Elisa Aburto<\/strong><\/p>\n\n\n\n<p>Xalapa, Ver.- Conductores de taxis se pronunciaron a favor de que las autoridades implementen otros mecanismos para combatir la propagaci\u00f3n de casos de Covid-19, debido a que consideran el cierre de calles afecta a la poblaci\u00f3n en general y no contribuye a dicha medida.&nbsp;<\/p>\n\n\n\n<p>As\u00ed lo coment\u00f3 don Antonio quien es conductor de taxi en la capital del estado y se\u00f1al\u00f3 que es responsabilidad de todos como ciudadanos tomar acciones para prevenir la propagaci\u00f3n de la enfermedad.&nbsp;<\/p>\n\n\n\n<p>\u201cEso de cerrar calles no ayuda en nada la verdad, y nos afecta a todos. Las personas que quieren o necesitan llegar al centro van hacerlo aunque sea caminando, los funcionarios deber\u00edan de tomar otras medidas que de verdad ayuden pero creo que no lo hacen porque no quieren echarse a la gente encima\u201d, enfatiz\u00f3.<\/p>\n\n\n\n<p>Todos debemos de poner de nuestra parte, dijo, yo por ejemplo traigo el bote de gel, el cubrebocas y desinfecto con l\u00edquido varias veces al d\u00eda la unidad; medidas hay muchas, creo que cerrar las calles no es la soluci\u00f3n.&nbsp;<\/p>\n\n\n\n<p>Por su parte, Alejandro consider\u00f3 que para ellos como taxistas el cierre de vialidades s\u00ed les afecta en su econom\u00eda debido a que muchas personas al no poder acercarlos a su destino optan por caminar o tomar camiones en lugar de pagar el costo de un taxi que no podr\u00e1 dejarlos en su punto cercano.&nbsp;<\/p>\n\n\n\n<p>Ante lo cual hizo un llamado a las autoridades para que se busquen medidas que \u201cde verdad\u201d contribuyan a disminuir los casos de contagio sin afectar la econom\u00eda de quienes trabajan.&nbsp;<\/p>\n\n\n\n<p>\u201cYo s\u00ed he visto disminuci\u00f3n en mis ingresos, porque muchas personas a donde se mueven es al centro o puntos cercanos al centro y cuando est\u00e1 cerrado buscan otras opciones antes de pagar el servicio de taxi, si como ellos dicen de todas formas deber\u00e1n de caminar para terminar de llegar a su destino\u201d.<\/p>\n\n\n\n<p>Deber\u00edan de haber puesto medidas m\u00e1s duras desde el principio, como el uso obligatorio del cubrebocas y sancionar, yo creo que eso s\u00ed habr\u00eda ayudado a combatir la propagaci\u00f3n de la enfermedad, puntualiz\u00f3.&nbsp;<\/p>\n","protected":false},"excerpt":{"rendered":"<p>Elisa Aburto Xalapa, Ver.- Conductores de taxis se pronunciaron a favor de que las autoridades implementen otros mecanismos para combatir la propagaci\u00f3n de casos de Covid-19, debido a que consideran el cierre de calles afecta a la poblaci\u00f3n en general y no contribuye a dicha medida.&nbsp; As\u00ed lo coment\u00f3 don Antonio quien es conductor de [&hellip;]<\/p>\n","protected":false},"author":2476,"featured_media":17280,"comment_status":"open","ping_status":"open","sticky":false,"template":"","format":"standard","meta":{"_jetpack_memberships_contains_paid_content":false,"footnotes":""},"categories":[3],"tags":[],"class_list":["post-17686","post","type-post","status-publish","format-standard","has-post-thumbnail","hentry","category-xalapa"],"jetpack_featured_media_url":"https:\/\/encuentroinformativo.com.mx\/wp-content\/uploads\/2021\/08\/60A6A3C3-C1E1-4017-B2C3-880A887CEAC4.jpeg","jetpack_sharing_enabled":true,"jetpack_likes_enabled":true,"amp_enabled":true,"_links":{"self":[{"href":"https:\/\/encuentroinformativo.com.mx\/index.php?rest_route=\/wp\/v2\/posts\/17686","targetHints":{"allow":["GET"]}}],"collection":[{"href":"https:\/\/encuentroinformativo.com.mx\/index.php?rest_route=\/wp\/v2\/posts"}],"about":[{"href":"https:\/\/encuentroinformativo.com.mx\/index.php?rest_route=\/wp\/v2\/types\/post"}],"author":[{"embeddable":true,"href":"https:\/\/encuentroinformativo.com.mx\/index.php?rest_route=\/wp\/v2\/users\/2476"}],"replies":[{"embeddable":true,"href":"https:\/\/encuentroinformativo.com.mx\/index.php?rest_route=%2Fwp%2Fv2%2Fcomments&post=17686"}],"version-history":[{"count":1,"href":"https:\/\/encuentroinformativo.com.mx\/index.php?rest_route=\/wp\/v2\/posts\/17686\/revisions"}],"predecessor-version":[{"id":17687,"href":"https:\/\/encuentroinformativo.com.mx\/index.php?rest_route=\/wp\/v2\/posts\/17686\/revisions\/17687"}],"wp:featuredmedia":[{"embeddable":true,"href":"https:\/\/encuentroinformativo.com.mx\/index.php?rest_route=\/wp\/v2\/media\/17280"}],"wp:attachment":[{"href":"https:\/\/encuentroinformativo.com.mx\/index.php?rest_route=%2Fwp%2Fv2%2Fmedia&parent=17686"}],"wp:term":[{"taxonomy":"category","embeddable":true,"href":"https:\/\/encuentroinformativo.com.mx\/index.php?rest_route=%2Fwp%2Fv2%2Fcategories&post=17686"},{"taxonomy":"post_tag","embeddable":true,"href":"https:\/\/encuentroinformativo.com.mx\/index.php?rest_route=%2Fwp%2Fv2%2Ftags&post=17686"}],"curies":[{"name":"wp","href":"https:\/\/api.w.org\/{rel}","templated":true}]}}