{"id":17688,"date":"2021-08-23T20:43:42","date_gmt":"2021-08-24T01:43:42","guid":{"rendered":"https:\/\/encuentroinformativo.com.mx\/?p=17688"},"modified":"2021-08-23T20:43:50","modified_gmt":"2021-08-24T01:43:50","slug":"dan-a-conocer-terna-para-rectoria-de-la-uv","status":"publish","type":"post","link":"https:\/\/encuentroinformativo.com.mx\/?p=17688","title":{"rendered":"Dan a conocer terna para rector\u00eda de la UV"},"content":{"rendered":"\n<p><strong>Juan Arcos <\/strong><\/p>\n\n\n\n<p>Xalapa, Ver.- Los acad\u00e9micos Mart\u00edn Gerardo Aguilar S\u00e1nchez, H\u00e9ctor Coronel Brizio y Jorge Manzo Denes son los tres acad\u00e9micos seleccionados por la Junta de Gobierno para participar en la renovaci\u00f3n de la Rector\u00eda de la Universidad Veracruzana (UV).<\/p>\n\n\n\n<p>El \u00f3rgano colegiado revel\u00f3 la lista con los nombres de quienes integran la terna correspondiente y ser\u00e1n evaluados para suceder a Sara Ladr\u00f3n de Guevara Gonz\u00e1lez en dicho cargo.<\/p>\n\n\n\n<p>De acuerdo con informaci\u00f3n de la Junta de Gobierno, la lista era de 13 aspirantes y se redujo a tres.<\/p>\n\n\n\n<p>Cabe recordar que este proceso inici\u00f3 el pasado 30 de junio y culminar\u00e1 el pr\u00f3ximo 1\u00ba de septiembre con la designaci\u00f3n de uno de los catedr\u00e1ticos mencionados.<\/p>\n\n\n\n<p>La convocatorio establece que los candidatos deber\u00e1n presentar p\u00fablicamente sus proyectos de trabajo, para el mejoramiento de la m\u00e1xima casa de estudios del estado.<\/p>\n\n\n\n<p>Lo anterior tendr\u00e1 lugar en la P\u00e9rgola del Museo de Antropolog\u00eda de Xalapa (MAX), a las 11:00 horas del martes 24 de agosto, actividad que adem\u00e1s ser\u00e1 trasmitida en todas las regiones de la universidad.<\/p>\n\n\n\n<p>Los aspirantes tambi\u00e9n ser\u00e1n entrevistados por los integrantes de la Junta de Gobierno durante los d\u00edas 25 y 26 de agosto.<\/p>\n\n\n\n<p>El \u00f3rgano colegiado indagar\u00e1 en la valoraci\u00f3n de la capacidad humana de los candidatos, por lo que considerar\u00e1 su actitud, personalidad, manera de conducirse y expresarse, as\u00ed como su capacidad de cr\u00edtica.<\/p>\n\n\n\n<p>El lunes 30 de agosto, a las 14:00 horas, ser\u00e1 dado a conocer el nombre del acad\u00e9mico que ser\u00e1 el nuevo rector de la Universidad Veracruzana, una de las instituciones p\u00fablicas de educaci\u00f3n superior m\u00e1s importantes del pa\u00eds.<\/p>\n\n\n\n<p>Dicha persona deber\u00e1 rendir protesta el martes 1\u00ba de septiembre y pertenecer en el cargo hasta el 31 de agosto de 2025.<\/p>\n","protected":false},"excerpt":{"rendered":"<p>Juan Arcos Xalapa, Ver.- Los acad\u00e9micos Mart\u00edn Gerardo Aguilar S\u00e1nchez, H\u00e9ctor Coronel Brizio y Jorge Manzo Denes son los tres acad\u00e9micos seleccionados por la Junta de Gobierno para participar en la renovaci\u00f3n de la Rector\u00eda de la Universidad Veracruzana (UV). El \u00f3rgano colegiado revel\u00f3 la lista con los nombres de quienes integran la terna correspondiente [&hellip;]<\/p>\n","protected":false},"author":2476,"featured_media":17689,"comment_status":"open","ping_status":"open","sticky":false,"template":"","format":"standard","meta":{"_jetpack_memberships_contains_paid_content":false,"footnotes":""},"categories":[2],"tags":[],"class_list":["post-17688","post","type-post","status-publish","format-standard","has-post-thumbnail","hentry","category-estado"],"jetpack_featured_media_url":"https:\/\/encuentroinformativo.com.mx\/wp-content\/uploads\/2021\/08\/IMG_5882.jpg","jetpack_sharing_enabled":true,"jetpack_likes_enabled":true,"amp_enabled":true,"_links":{"self":[{"href":"https:\/\/encuentroinformativo.com.mx\/index.php?rest_route=\/wp\/v2\/posts\/17688","targetHints":{"allow":["GET"]}}],"collection":[{"href":"https:\/\/encuentroinformativo.com.mx\/index.php?rest_route=\/wp\/v2\/posts"}],"about":[{"href":"https:\/\/encuentroinformativo.com.mx\/index.php?rest_route=\/wp\/v2\/types\/post"}],"author":[{"embeddable":true,"href":"https:\/\/encuentroinformativo.com.mx\/index.php?rest_route=\/wp\/v2\/users\/2476"}],"replies":[{"embeddable":true,"href":"https:\/\/encuentroinformativo.com.mx\/index.php?rest_route=%2Fwp%2Fv2%2Fcomments&post=17688"}],"version-history":[{"count":1,"href":"https:\/\/encuentroinformativo.com.mx\/index.php?rest_route=\/wp\/v2\/posts\/17688\/revisions"}],"predecessor-version":[{"id":17690,"href":"https:\/\/encuentroinformativo.com.mx\/index.php?rest_route=\/wp\/v2\/posts\/17688\/revisions\/17690"}],"wp:featuredmedia":[{"embeddable":true,"href":"https:\/\/encuentroinformativo.com.mx\/index.php?rest_route=\/wp\/v2\/media\/17689"}],"wp:attachment":[{"href":"https:\/\/encuentroinformativo.com.mx\/index.php?rest_route=%2Fwp%2Fv2%2Fmedia&parent=17688"}],"wp:term":[{"taxonomy":"category","embeddable":true,"href":"https:\/\/encuentroinformativo.com.mx\/index.php?rest_route=%2Fwp%2Fv2%2Fcategories&post=17688"},{"taxonomy":"post_tag","embeddable":true,"href":"https:\/\/encuentroinformativo.com.mx\/index.php?rest_route=%2Fwp%2Fv2%2Ftags&post=17688"}],"curies":[{"name":"wp","href":"https:\/\/api.w.org\/{rel}","templated":true}]}}