{"id":17691,"date":"2021-08-24T13:48:15","date_gmt":"2021-08-24T18:48:15","guid":{"rendered":"https:\/\/encuentroinformativo.com.mx\/?p=17691"},"modified":"2021-08-24T13:48:19","modified_gmt":"2021-08-24T18:48:19","slug":"grace-culpables-y-responsables","status":"publish","type":"post","link":"https:\/\/encuentroinformativo.com.mx\/?p=17691","title":{"rendered":"Grace: Culpables y responsables"},"content":{"rendered":"\n<p><strong>Los Pol\u00edticos<\/strong><\/p>\n\n\n\n<p><strong>Salvador Mu\u00f1oz<\/strong><\/p>\n\n\n\n<p>El saldo rojo del paso de Grace por Veracruz tiene desde diferentes \u00e1ngulos, m\u00e1s culpables que los padres de una victoria\u2026<\/p>\n\n\n\n<p>Para unos, Hip\u00f3lito Rodr\u00edguez Herrero es uno de los principales; para otros, Protecci\u00f3n Civil, sea municipal o estatal; tajada le toca al Gobernador Cuitl\u00e1huac quiz\u00e1s por la misma raz\u00f3n atribuida al presidente municipal de Xalapa: ser los encargados de la administraci\u00f3n de la entidad y el municipio, respectivamente.<\/p>\n\n\n\n<p>Si bien hubo decesos en Poza Rica y siete en Xalapa, el juicio p\u00fablico se concentra en la tragedia que enlut\u00f3 a una familia con seis de sus integrantes fallecidos.<\/p>\n\n\n\n<p>Tenemos culpables pero tambi\u00e9n h\u00e9roes, como el caso de esos elementos de Seguridad P\u00fablica que con ayuda de un civil, hacen una cadena humana para ir al rescate de un taxista que qued\u00f3 atrapado por las corrientes que se conforman en la unidad Las Fuentes. En un video que circul\u00f3 el pasado s\u00e1bado, se alcanza a ver que el agua casi llega al cuello de los uniformados. Por supuesto, la labor del Plan Taj\u00edn para estos eventos junto con el rescate del ruletero, fueron rebasados por la desgracia.<\/p>\n\n\n\n<p>Pero si hablar de desgracias se trata, un apartado especial se merecen quienes rodean al Gobernador para hacerlo ver in\u00fatil en dos etapas:<\/p>\n\n\n\n<p>La primera) Cuando el gobernador sube en sus redes una foto (9:38 horas) donde se ve que est\u00e1 al pendiente de la trayectoria del hurac\u00e1n Grace desde una tablet, es decir, casi dos horas despu\u00e9s de que en Xalapa se sintiera el rigor del meteoro. En otras palabras, se expone a la cr\u00edtica al Gobernador desde la comodidad de sus oficinas.<\/p>\n\n\n\n<p>La segunda) Pasadas las 17 horas, empezaron a circular im\u00e1genes y videos del Gobernador, pala en mano, junto con el alcalde Hip\u00f3lito Rodr\u00edguez Herrero, sacando lodo de las calles\u2026 a juicio de sus cr\u00edticos, ya era demasiado tarde. El da\u00f1o en la imagen p\u00fablica del Gobernador fue tan devastador como los efectos de Grace en Xalapa.<\/p>\n\n\n\n<p>\u00bfPor qu\u00e9? Porque desde el primer punto, empezaron las comparaciones y sali\u00f3 a relucir el ex gobernador Fidel Herrera, que lejos de quedarse a monitorear la tragedia, iba al lugar de los hechos. Ic\u00f3nica esa imagen donde descalzo, con despensa entre los brazos, bajo la lluvia, acude al auxilio de los damnificados por el Hurac\u00e1n Dean, a finales de agosto del 2007\u2026 incluso, no faltaron los panistas que sacaron a relucir la foto de Felipe Calder\u00f3n Hinojosa, en ese entonces presidente de M\u00e9xico, quien junto con T\u00edo Fide, recorr\u00edan las zonas afectadas\u2026<\/p>\n\n\n\n<p>\u00bfSer\u00eda mala leche para pri\u00edstas y panistas recordarles que el dos de septiembre de ese a\u00f1o, una semana despu\u00e9s del golpe de Dean, en Veracruz se celebrar\u00edan elecciones de presidentes municipales y la renovaci\u00f3n del Congreso local?<\/p>\n\n\n\n<p>\u00a1Vamos! Si Grace hubiera llegado unos meses antes, cr\u00e9anlo que hubi\u00e9ramos visto a los candidatos con cubetas y palas en el lodo o ech\u00e1ndose un bucito en alguna casa inundada\u2026 bueno, s\u00ed lo vimos con Ricardo Ahued. Tambi\u00e9n con Am\u00e9rico Z\u00fa\u00f1iga quien por ah\u00ed anduvo sacando agua y lodo de una casa afectada por una inusual tormenta (pero que ya son muy seguidas).<\/p>\n\n\n\n<p>Pero como las elecciones ya pasaron, tuvimos que conformarnos con ver a Cuic haciendo lo que cualquier otro gobernador hubiera hecho, claro, \u00e9l lo hizo a destiempo y forzado quiz\u00e1s por las cr\u00edticas. Y por si fuera poco, tuvimos que chutarnos el tremendo ego de muchos de sus funcionarios como Zenyazen Escobar haciendo el rid\u00edculo en una silla de ruedas (m\u00e1s ayuda el que no estorba)&#8230; con la Oficial Mayor, Ariadna Selene Aguilar Amaya era m\u00e1s que suficiente para que la SEV se hiciera presente\u2026 o Jos\u00e9 Luis Lima Franco posando para la foto lo mismo que su subsecretario Eleazar Guerrero\u2026 \u00bfpara qu\u00e9 hacerle sombra a su jefe? Me refiero a Cuic&#8230;<\/p>\n\n\n\n<p>Por cierto, \u00bfvieron a la diputada Ana Miriam Ferr\u00e1ez en las faenas de limpieza para cacarear su comisi\u00f3n de Protecci\u00f3n Civil concedida en el Congreso? Las malas lenguas dicen que estuvo el fin de semana en Estados Unidos\u2026 \u00bfhaciendo qu\u00e9? \u00bfChoping? \u00bfVacuna? \u00a1Ni idea!<\/p>\n\n\n\n<p>Total que el saldo rojo de Grace nos deja muchos culpables\u2026 ideal ser\u00eda que empez\u00e1ramos a buscar tambi\u00e9n responsables, es decir, gente que responda con soluciones y no con palas y cubetas&#8230; pero las elecciones ya pasaron y muchos optaron por dejar en manos de los mismos a Xalapa\u2026 as\u00ed que seguiremos viendo palas nuevas, cubetas nuevas, carretillas nuevas, selfies para las redes, y lodos viejos, inundaciones viejas, tragedias nuevas.<\/p>\n\n\n\n<p><a href=\"mailto:smcainito@gmail.com\" target=\"_blank\" rel=\"noreferrer noopener\">smcainito@gmail.com<\/a><\/p>\n","protected":false},"excerpt":{"rendered":"<p>Los Pol\u00edticos Salvador Mu\u00f1oz El saldo rojo del paso de Grace por Veracruz tiene desde diferentes \u00e1ngulos, m\u00e1s culpables que los padres de una victoria\u2026 Para unos, Hip\u00f3lito Rodr\u00edguez Herrero es uno de los principales; para otros, Protecci\u00f3n Civil, sea municipal o estatal; tajada le toca al Gobernador Cuitl\u00e1huac quiz\u00e1s por la misma raz\u00f3n atribuida [&hellip;]<\/p>\n","protected":false},"author":1,"featured_media":387,"comment_status":"open","ping_status":"open","sticky":false,"template":"","format":"standard","meta":{"_jetpack_memberships_contains_paid_content":false,"footnotes":""},"categories":[11],"tags":[],"class_list":["post-17691","post","type-post","status-publish","format-standard","has-post-thumbnail","hentry","category-opinion"],"jetpack_featured_media_url":"https:\/\/encuentroinformativo.com.mx\/wp-content\/uploads\/2020\/03\/7CF8A22B-2764-47BE-8F7F-38FE9E5D6A2F.jpeg","jetpack_sharing_enabled":true,"jetpack_likes_enabled":true,"amp_enabled":true,"_links":{"self":[{"href":"https:\/\/encuentroinformativo.com.mx\/index.php?rest_route=\/wp\/v2\/posts\/17691","targetHints":{"allow":["GET"]}}],"collection":[{"href":"https:\/\/encuentroinformativo.com.mx\/index.php?rest_route=\/wp\/v2\/posts"}],"about":[{"href":"https:\/\/encuentroinformativo.com.mx\/index.php?rest_route=\/wp\/v2\/types\/post"}],"author":[{"embeddable":true,"href":"https:\/\/encuentroinformativo.com.mx\/index.php?rest_route=\/wp\/v2\/users\/1"}],"replies":[{"embeddable":true,"href":"https:\/\/encuentroinformativo.com.mx\/index.php?rest_route=%2Fwp%2Fv2%2Fcomments&post=17691"}],"version-history":[{"count":1,"href":"https:\/\/encuentroinformativo.com.mx\/index.php?rest_route=\/wp\/v2\/posts\/17691\/revisions"}],"predecessor-version":[{"id":17692,"href":"https:\/\/encuentroinformativo.com.mx\/index.php?rest_route=\/wp\/v2\/posts\/17691\/revisions\/17692"}],"wp:featuredmedia":[{"embeddable":true,"href":"https:\/\/encuentroinformativo.com.mx\/index.php?rest_route=\/wp\/v2\/media\/387"}],"wp:attachment":[{"href":"https:\/\/encuentroinformativo.com.mx\/index.php?rest_route=%2Fwp%2Fv2%2Fmedia&parent=17691"}],"wp:term":[{"taxonomy":"category","embeddable":true,"href":"https:\/\/encuentroinformativo.com.mx\/index.php?rest_route=%2Fwp%2Fv2%2Fcategories&post=17691"},{"taxonomy":"post_tag","embeddable":true,"href":"https:\/\/encuentroinformativo.com.mx\/index.php?rest_route=%2Fwp%2Fv2%2Ftags&post=17691"}],"curies":[{"name":"wp","href":"https:\/\/api.w.org\/{rel}","templated":true}]}}