{"id":17693,"date":"2021-08-24T14:01:17","date_gmt":"2021-08-24T19:01:17","guid":{"rendered":"https:\/\/encuentroinformativo.com.mx\/?p=17693"},"modified":"2021-08-24T14:01:20","modified_gmt":"2021-08-24T19:01:20","slug":"veracruz-solo-tiene-bandas-delincuenciales-cisneros","status":"publish","type":"post","link":"https:\/\/encuentroinformativo.com.mx\/?p=17693","title":{"rendered":"Veracruz solo tiene bandas delincuenciales: Cisneros"},"content":{"rendered":"\n<p><strong>Dar\u00edo Pale<\/strong><\/p>\n\n\n\n<p>Xalapa, Ver.- El secretario de Gobierno Eric Cisneros Burgos se\u00f1al\u00f3 que en Veracruz no operan c\u00e1rteles liderados desde otros estados, s\u00f3lo hay bandas delictivas, por lo que solicit\u00f3 \u00a0catalogarlos en su justa dimensi\u00f3n.<\/p>\n\n\n\n<p>Entrevistado en el marco de la celebraci\u00f3n del Bicentenario de la promulgaci\u00f3n de los Tratados de C\u00f3rdoba coment\u00f3 que, &#8220;aqu\u00ed no operan c\u00e1rteles con reconocimiento de l\u00edderes de otros estados, aqu\u00ed lo que operan son bandas delictivas y lo que hemos hecho desde este Gobierno ha sido no s\u00f3lamente trabajar en el desmantelamiento de esas bandas, si no trabajar de manera social con la gente para que todos nos vayamos encauzando por las actividades que engrandezcan a Veracruz&#8221;.<\/p>\n\n\n\n<p>Destac\u00f3 la disminuci\u00f3n de los delitos como el secuestro y homicidio y advirti\u00f3 que \u00a0&#8220;aqu\u00ed es un lugar para no venir a delinquir&#8221;, destac\u00f3 que la entidad veracruzana es un territorio de acuerdos, pues se aboli\u00f3 la esclavitud y se firm\u00f3 la independencia de M\u00e9xico.<\/p>\n\n\n\n<p>Cisneros Burgos enfatiz\u00f3 que se debe encauzar al Estado de manera tur\u00edstica, cultural, lo cual se ha promovido mucho ese tipo de actividades no s\u00f3lo en las ciudades sino tambi\u00e9n en las comunidades y en las zonas ind\u00edgenas y afrodescendientes.<\/p>\n\n\n\n<p>Entrevistado sobre la posici\u00f3n de Veracruz a nivel nacional en materia de seguridad, el Secretario respondi\u00f3 que m\u00e1s que lo que se pueda decir, est\u00e1n los datos del Secretariado Ejecutivo del Sistema Nacional de Seguridad P\u00fablica.<\/p>\n\n\n\n<p>Ah\u00ed, record\u00f3 que cuando arranc\u00f3 la presente administraci\u00f3n hab\u00eda cerca de 300 secuestros al a\u00f1o, ahora esperan cerrar el 2021 con menos de 50, de igual forma \u00a0presumi\u00f3 que el Veracruz de hoy no permite impunidad, adem\u00e1s de que este estado es un lugar &#8220;para no venir a delinquir, ese es el mensaje&#8221;.<\/p>\n\n\n\n<p>Por otra parte, en relaci\u00f3n al crimen del reportero Jacinto Romero, manifest\u00f3 que a diferencia de otras administraciones, en \u00e9ste y los otros tres cr\u00edmenes cometidos contra comunicadores, hay detenidos y \u00f3rdenes de aprehensi\u00f3n.<\/p>\n\n\n\n<p>Afirm\u00f3 que en este caso no sea descarta el m\u00f3vil pol\u00edtico ni ninguno otro para no entorpecer las investigaciones que lleva a cabo la Fiscal\u00eda General del Estado.<\/p>\n\n\n\n<p>&#8220;Y en este caso tambi\u00e9n vamos a actuar. No vamos a permitir contra nadie, pero menos contra un comunicador o comunicadora existan agresiones. \u00bfC\u00f3mo garantizar la seguridad?, que no haya impunidad&#8221;, se\u00f1al\u00f3.<\/p>\n\n\n\n<p>&#8220;Vamos a detener, como hemos detenido en otros casos, en uno de los periodistas, Celestino, que lamentablemente fue asesinado en la regi\u00f3n cercana a Xalapa; particip\u00f3, presuntamente una autoridad municipal y tiene orden de aprehensi\u00f3n y hay detenidos en ese caso&#8221;, agreg\u00f3.<\/p>\n\n\n\n<p>Acuso que en el pasado, en el Veracruz de la &#8220;impunidad&#8221;, no hab\u00eda detenido ni investigaciones, en el caso del periodista Julio Valdivia, refiri\u00f3 que existen \u00f3rdenes de aprehensi\u00f3n y tienen identificado al presunto responsable.<\/p>\n\n\n\n<p>Finalmente, extendi\u00f3 un mensaje y sostuvo que no se permitir\u00e1 la impunidad, &#8220;aqu\u00ed no fabricamos culpables, vamos a detener a los que sean responsables, no se fabrican culpables&#8221;.<\/p>\n","protected":false},"excerpt":{"rendered":"<p>Dar\u00edo Pale Xalapa, Ver.- El secretario de Gobierno Eric Cisneros Burgos se\u00f1al\u00f3 que en Veracruz no operan c\u00e1rteles liderados desde otros estados, s\u00f3lo hay bandas delictivas, por lo que solicit\u00f3 \u00a0catalogarlos en su justa dimensi\u00f3n. Entrevistado en el marco de la celebraci\u00f3n del Bicentenario de la promulgaci\u00f3n de los Tratados de C\u00f3rdoba coment\u00f3 que, &#8220;aqu\u00ed [&hellip;]<\/p>\n","protected":false},"author":1,"featured_media":17694,"comment_status":"open","ping_status":"open","sticky":false,"template":"","format":"standard","meta":{"_jetpack_memberships_contains_paid_content":false,"footnotes":""},"categories":[2],"tags":[],"class_list":["post-17693","post","type-post","status-publish","format-standard","has-post-thumbnail","hentry","category-estado"],"jetpack_featured_media_url":"https:\/\/encuentroinformativo.com.mx\/wp-content\/uploads\/2021\/08\/92882ED5-6887-46D7-AF34-8BA132BC014B.jpeg","jetpack_sharing_enabled":true,"jetpack_likes_enabled":true,"amp_enabled":true,"_links":{"self":[{"href":"https:\/\/encuentroinformativo.com.mx\/index.php?rest_route=\/wp\/v2\/posts\/17693","targetHints":{"allow":["GET"]}}],"collection":[{"href":"https:\/\/encuentroinformativo.com.mx\/index.php?rest_route=\/wp\/v2\/posts"}],"about":[{"href":"https:\/\/encuentroinformativo.com.mx\/index.php?rest_route=\/wp\/v2\/types\/post"}],"author":[{"embeddable":true,"href":"https:\/\/encuentroinformativo.com.mx\/index.php?rest_route=\/wp\/v2\/users\/1"}],"replies":[{"embeddable":true,"href":"https:\/\/encuentroinformativo.com.mx\/index.php?rest_route=%2Fwp%2Fv2%2Fcomments&post=17693"}],"version-history":[{"count":1,"href":"https:\/\/encuentroinformativo.com.mx\/index.php?rest_route=\/wp\/v2\/posts\/17693\/revisions"}],"predecessor-version":[{"id":17695,"href":"https:\/\/encuentroinformativo.com.mx\/index.php?rest_route=\/wp\/v2\/posts\/17693\/revisions\/17695"}],"wp:featuredmedia":[{"embeddable":true,"href":"https:\/\/encuentroinformativo.com.mx\/index.php?rest_route=\/wp\/v2\/media\/17694"}],"wp:attachment":[{"href":"https:\/\/encuentroinformativo.com.mx\/index.php?rest_route=%2Fwp%2Fv2%2Fmedia&parent=17693"}],"wp:term":[{"taxonomy":"category","embeddable":true,"href":"https:\/\/encuentroinformativo.com.mx\/index.php?rest_route=%2Fwp%2Fv2%2Fcategories&post=17693"},{"taxonomy":"post_tag","embeddable":true,"href":"https:\/\/encuentroinformativo.com.mx\/index.php?rest_route=%2Fwp%2Fv2%2Ftags&post=17693"}],"curies":[{"name":"wp","href":"https:\/\/api.w.org\/{rel}","templated":true}]}}