{"id":17699,"date":"2021-08-24T14:18:05","date_gmt":"2021-08-24T19:18:05","guid":{"rendered":"https:\/\/encuentroinformativo.com.mx\/?p=17699"},"modified":"2021-08-24T14:18:10","modified_gmt":"2021-08-24T19:18:10","slug":"habra-recursos-para-atender-afectaciones-por-grace-gobernador","status":"publish","type":"post","link":"https:\/\/encuentroinformativo.com.mx\/?p=17699","title":{"rendered":"Habr\u00e1 recursos para atender afectaciones por Grace: Gobernador"},"content":{"rendered":"\n<p><strong>Dar\u00edo Pale <\/strong><\/p>\n\n\n\n<p>Xalapa, Ver.- El gobernador Cuitl\u00e1huac Garc\u00eda Jim\u00e9nez precis\u00f3 que el seguro para atender afectaciones de Grace en Veracruz es por mucho superior a los 100 mdp, por lo que el Presidente anunciar\u00e1 este mi\u00e9rcoles apoyo de la Federaci\u00f3n, ademas de que se solicitar\u00e1 una ampliaci\u00f3n de la declaratoria de emergencia por el inminente impacto del hurac\u00e1n Grace, para un total de 58 municipios.<\/p>\n\n\n\n<p>Entrevistado en el marco de la celebraci\u00f3n del bicentenario de los Tratados de C\u00f3rdoba dio a conocer que el Fideicomiso de Protecci\u00f3n Civil para la Atenci\u00f3n de Desastres Naturales y Otros Siniestros del Estado de Veracruz supera por mucho a los 114 millones de pesos que el secretario de Finanzas y Planeaci\u00f3n, Jos\u00e9 Luis Lima Franco mencion\u00f3 el s\u00e1bado pasado.<\/p>\n\n\n\n<p>Coment\u00f3 que se refiri\u00f3 \u00fanicamente a la p\u00f3liza de dicho seguro, por ello, la cantidad que aporte el Gobierno del Estado para atender las afectaciones provocadas al paso del hurac\u00e1n Grace ser\u00e1 mayor, &#8220;tenemos pagada la p\u00f3liza del seguro, que es esa cantidad, pero la cobertura es m\u00e1s amplia&#8221;.<\/p>\n\n\n\n<p>Aunque no dio a conocer de manera puntual cu\u00e1les ser\u00e1n estos municipios, se sabe que la mayor\u00eda podr\u00edan ser en la zona norte del Estado, ya que, dijo, Huayacocotla, Texcatepec, Zacualpan, Ilamatl\u00e1n y Tlachichilco todav\u00eda prevalecen situaciones complicadas.<\/p>\n\n\n\n<p>Aunado a este monto, se recibir\u00e1 presupuesto del Gobierno Federal, mismo que se definir\u00e1 este d\u00eda en una reuni\u00f3n privada encabezada por el presidente Andr\u00e9s Manuel L\u00f3pez Obrador en Xalapa y anunciada en la conferencia ma\u00f1anera de este mi\u00e9rcoles, &#8220;viene la Federaci\u00f3n para aplicar un paquete de apoyos muy grande y nosotros vamos a aplicar el nuestro&#8221;.<\/p>\n\n\n\n<p>Explic\u00f3 que en el estado hay tres formas de financiar el apoyo por contingencia. Primero a trav\u00e9s de la Declaratoria de Emergencia, que se va a extender a m\u00e1s de 58 municipios y el seguro de desastre aunado al seguro para el campo.<\/p>\n\n\n\n<p>&#8220;Tenemos tres formas de financiar esto, primero a trav\u00e9s de la declaratoria de emergencia, que se va a extender a m\u00e1s de 58 municipios, adem\u00e1s, tenemos el Seguro de Desastres, la p\u00f3liza es de m\u00e1s de 100 millones y la cobertura es muy muy amplia y la otra es la del Seguro Agrario, ese tambi\u00e9n lo vamos a aplicar para los da\u00f1os a cosechas&#8221;, subray\u00f3.<\/p>\n\n\n\n<p>Mencion\u00f3 que se apoyar\u00e1 a los productores de ma\u00edz, pl\u00e1tano y algunos c\u00edtricos que se vieron afectados, pese a que no dio un tiempo estimado para aplicar el Seguro de Desastres, afirm\u00f3 que no ser\u00e1n como en otras administraciones que no s\u00f3lo no llegaban los apoyos, sino que se lo robaban.<\/p>\n\n\n\n<p>Asimismo, subray\u00f3 que este mi\u00e9rcoles, el presidente Andr\u00e9s Manuel L\u00f3pez Obrador dar\u00e1 a conocer el paquete de ayuda que se otorgar\u00e1 al Estado por las afectaciones del fen\u00f3meno meteorol\u00f3gico.<\/p>\n\n\n\n<p>Finalmente dio a conocer que hasta este martes Poza Rica contin\u00faa sin comunicaci\u00f3n telef\u00f3nica o de celular, igual que en Tecolutla.<\/p>\n","protected":false},"excerpt":{"rendered":"<p>Dar\u00edo Pale Xalapa, Ver.- El gobernador Cuitl\u00e1huac Garc\u00eda Jim\u00e9nez precis\u00f3 que el seguro para atender afectaciones de Grace en Veracruz es por mucho superior a los 100 mdp, por lo que el Presidente anunciar\u00e1 este mi\u00e9rcoles apoyo de la Federaci\u00f3n, ademas de que se solicitar\u00e1 una ampliaci\u00f3n de la declaratoria de emergencia por el inminente [&hellip;]<\/p>\n","protected":false},"author":1,"featured_media":17700,"comment_status":"open","ping_status":"open","sticky":false,"template":"","format":"standard","meta":{"_jetpack_memberships_contains_paid_content":false,"footnotes":""},"categories":[2],"tags":[],"class_list":["post-17699","post","type-post","status-publish","format-standard","has-post-thumbnail","hentry","category-estado"],"jetpack_featured_media_url":"https:\/\/encuentroinformativo.com.mx\/wp-content\/uploads\/2021\/08\/FF2464A3-3BFB-4897-AB35-F1C2D9345ED2.jpeg","jetpack_sharing_enabled":true,"jetpack_likes_enabled":true,"amp_enabled":true,"_links":{"self":[{"href":"https:\/\/encuentroinformativo.com.mx\/index.php?rest_route=\/wp\/v2\/posts\/17699","targetHints":{"allow":["GET"]}}],"collection":[{"href":"https:\/\/encuentroinformativo.com.mx\/index.php?rest_route=\/wp\/v2\/posts"}],"about":[{"href":"https:\/\/encuentroinformativo.com.mx\/index.php?rest_route=\/wp\/v2\/types\/post"}],"author":[{"embeddable":true,"href":"https:\/\/encuentroinformativo.com.mx\/index.php?rest_route=\/wp\/v2\/users\/1"}],"replies":[{"embeddable":true,"href":"https:\/\/encuentroinformativo.com.mx\/index.php?rest_route=%2Fwp%2Fv2%2Fcomments&post=17699"}],"version-history":[{"count":1,"href":"https:\/\/encuentroinformativo.com.mx\/index.php?rest_route=\/wp\/v2\/posts\/17699\/revisions"}],"predecessor-version":[{"id":17701,"href":"https:\/\/encuentroinformativo.com.mx\/index.php?rest_route=\/wp\/v2\/posts\/17699\/revisions\/17701"}],"wp:featuredmedia":[{"embeddable":true,"href":"https:\/\/encuentroinformativo.com.mx\/index.php?rest_route=\/wp\/v2\/media\/17700"}],"wp:attachment":[{"href":"https:\/\/encuentroinformativo.com.mx\/index.php?rest_route=%2Fwp%2Fv2%2Fmedia&parent=17699"}],"wp:term":[{"taxonomy":"category","embeddable":true,"href":"https:\/\/encuentroinformativo.com.mx\/index.php?rest_route=%2Fwp%2Fv2%2Fcategories&post=17699"},{"taxonomy":"post_tag","embeddable":true,"href":"https:\/\/encuentroinformativo.com.mx\/index.php?rest_route=%2Fwp%2Fv2%2Ftags&post=17699"}],"curies":[{"name":"wp","href":"https:\/\/api.w.org\/{rel}","templated":true}]}}