{"id":17706,"date":"2021-08-24T14:32:23","date_gmt":"2021-08-24T19:32:23","guid":{"rendered":"https:\/\/encuentroinformativo.com.mx\/?p=17706"},"modified":"2021-08-24T14:32:26","modified_gmt":"2021-08-24T19:32:26","slug":"cierran-escuela-nautica-por-presunto-brote-de-covid","status":"publish","type":"post","link":"https:\/\/encuentroinformativo.com.mx\/?p=17706","title":{"rendered":"Cierran escuela n\u00e1utica por presunto brote de COVID"},"content":{"rendered":"\n<p><strong>Alejandro \u00c1vila<\/strong><\/p>\n\n\n\n<p>Veracruz, Ver.- La administraci\u00f3n de la escuela n\u00e1utica mercante &#8220;Fernando Siliceo y Torres&#8221;, anunci\u00f3 la noche de este lunes que por un presunto brote de COVID-19 en sus instalaciones, las actividades han sido suspendidas hasta nuevo aviso.<\/p>\n\n\n\n<p>A partir de este martes se pudo conocer que a los cadetes se les realiza una prueba dentro de las instalaciones y en caso de salir negativa, pueden retirarse a sus casas mientras se regresan a las actividades presenciales en la escuela n\u00e1utica.<\/p>\n\n\n\n<p>Quienes han salido positivo tendr\u00e1n otro procedimiento dentro de las instalaciones de la escuela, procurando evidentemente su mejora en salud.<\/p>\n\n\n\n<p>De la misma manera, se anunci\u00f3 que a todo los alumnos que a\u00fan falten de ser vacunados y que deseen obtener la primer dosis, lo podr\u00e1n hacer a partir de este miercoles 25 de agosto, toda vez que les enviar\u00e1n algunas cargas para ser aplicadas, pues se cumple con el rango de 18 a 30 a\u00f1os que inicia a vacunarse esta semana.<\/p>\n\n\n\n<p>Hasta el momento no se ha dado una informaci\u00f3n detallada de cuantos son los presuntos casos de COVID confirmados, si estos son alumnos o personal administrativo; de igual manera, no se ha puntualizado cuando se regresar\u00e1 posiblemente a clases presenciales, aunque s\u00ed se avis\u00f3, se realizar\u00e1 una jornada de sanitizaci\u00f3n en el recinto acad\u00e9mico.<\/p>\n","protected":false},"excerpt":{"rendered":"<p>Alejandro \u00c1vila Veracruz, Ver.- La administraci\u00f3n de la escuela n\u00e1utica mercante &#8220;Fernando Siliceo y Torres&#8221;, anunci\u00f3 la noche de este lunes que por un presunto brote de COVID-19 en sus instalaciones, las actividades han sido suspendidas hasta nuevo aviso. A partir de este martes se pudo conocer que a los cadetes se les realiza una [&hellip;]<\/p>\n","protected":false},"author":1,"featured_media":17707,"comment_status":"open","ping_status":"open","sticky":false,"template":"","format":"standard","meta":{"_jetpack_memberships_contains_paid_content":false,"footnotes":""},"categories":[9],"tags":[],"class_list":["post-17706","post","type-post","status-publish","format-standard","has-post-thumbnail","hentry","category-salud"],"jetpack_featured_media_url":"https:\/\/encuentroinformativo.com.mx\/wp-content\/uploads\/2021\/08\/38F7F59C-BB63-4A31-9DC8-7184E2D5F405.jpeg","jetpack_sharing_enabled":true,"jetpack_likes_enabled":true,"amp_enabled":true,"_links":{"self":[{"href":"https:\/\/encuentroinformativo.com.mx\/index.php?rest_route=\/wp\/v2\/posts\/17706","targetHints":{"allow":["GET"]}}],"collection":[{"href":"https:\/\/encuentroinformativo.com.mx\/index.php?rest_route=\/wp\/v2\/posts"}],"about":[{"href":"https:\/\/encuentroinformativo.com.mx\/index.php?rest_route=\/wp\/v2\/types\/post"}],"author":[{"embeddable":true,"href":"https:\/\/encuentroinformativo.com.mx\/index.php?rest_route=\/wp\/v2\/users\/1"}],"replies":[{"embeddable":true,"href":"https:\/\/encuentroinformativo.com.mx\/index.php?rest_route=%2Fwp%2Fv2%2Fcomments&post=17706"}],"version-history":[{"count":1,"href":"https:\/\/encuentroinformativo.com.mx\/index.php?rest_route=\/wp\/v2\/posts\/17706\/revisions"}],"predecessor-version":[{"id":17708,"href":"https:\/\/encuentroinformativo.com.mx\/index.php?rest_route=\/wp\/v2\/posts\/17706\/revisions\/17708"}],"wp:featuredmedia":[{"embeddable":true,"href":"https:\/\/encuentroinformativo.com.mx\/index.php?rest_route=\/wp\/v2\/media\/17707"}],"wp:attachment":[{"href":"https:\/\/encuentroinformativo.com.mx\/index.php?rest_route=%2Fwp%2Fv2%2Fmedia&parent=17706"}],"wp:term":[{"taxonomy":"category","embeddable":true,"href":"https:\/\/encuentroinformativo.com.mx\/index.php?rest_route=%2Fwp%2Fv2%2Fcategories&post=17706"},{"taxonomy":"post_tag","embeddable":true,"href":"https:\/\/encuentroinformativo.com.mx\/index.php?rest_route=%2Fwp%2Fv2%2Ftags&post=17706"}],"curies":[{"name":"wp","href":"https:\/\/api.w.org\/{rel}","templated":true}]}}