{"id":17709,"date":"2021-08-24T14:42:58","date_gmt":"2021-08-24T19:42:58","guid":{"rendered":"https:\/\/encuentroinformativo.com.mx\/?p=17709"},"modified":"2021-08-24T14:43:02","modified_gmt":"2021-08-24T19:43:02","slug":"xalapeno-diego-lopez-porta-bandera-de-mexico-en-juegos-paralimpicos-de-tokio","status":"publish","type":"post","link":"https:\/\/encuentroinformativo.com.mx\/?p=17709","title":{"rendered":"Xalape\u00f1o, Diego L\u00f3pez porta bandera de M\u00e9xico en Juegos Paral\u00edmpicos de Tokio"},"content":{"rendered":"\n<p><strong>Alejandro \u00c1vila<\/strong><\/p>\n\n\n\n<p>Veracruz, Ver.- El nadador xalape\u00f1o y esperanza de medalla paral\u00edmpica, Diego L\u00f3pez D\u00edaz, port\u00f3 la bandera de M\u00e9xico en compa\u00f1\u00eda de la multimedallista Amalia P\u00e9rez, para as\u00ed encabezar la delegaci\u00f3n mexicana que competir\u00e1 en los Juegos Paral\u00edmpicos de Tokio.<\/p>\n\n\n\n<p>En total, ser\u00e1n cinco deportistas veracruzanos los que compitan en los Juegos Paral\u00edmpicos de Tokio 2020, todos con amplias posibilidades de medalla.<\/p>\n\n\n\n<p>Los atletas lucieron en su andar por el estadio ol\u00edmpico de Tokioz el traje de gala que otorg\u00f3 el Comit\u00e9 Paral\u00edmpico Mexicano (COPAME).<\/p>\n\n\n\n<p>En Para Atletismo, Mar\u00eda Estela Salas Mar\u00edn participar\u00e1 en lanzamiento de disco; ser\u00e1n sus quintos Juegos Paral\u00edmpicos luego de ser medallista de oro en Atenas 2004, adem\u00e1s de participar en Beijing 2008, Londres 2012, R\u00edo 2016 y ahora en Tokio 2020.&nbsp;<\/p>\n\n\n\n<p>El originario de Acayucan, Eliezer Gabriel Buenaventura, vivir\u00e1 sus segundos Juegos Paral\u00edmpicos luego de haber estado en R\u00edo 2016. En Tokio 2020, buscar\u00e1 subirse al podio en la prueba de lanzamiento de jabalina.&nbsp;<\/p>\n\n\n\n<p>Mientras que en Para-Nataci\u00f3n, la lista la encabeza la medallista paral\u00edmpica de oro en Beijing 2008 y bronce en R\u00edo 2016, Nely Edith Miranda Herrera, quien luego de haber estado retirada debido a una lesi\u00f3n, regres\u00f3 para calificar a la justa de Tokio 2020 en donde conf\u00eda en volverse a subir al podio paral\u00edmpico.&nbsp;<\/p>\n\n\n\n<p>Quien vivir\u00e1 sus primeros Juegos Paral\u00edmpicos es Naomi Somellera Mandujano, quien es ganadora de seis medallas de oro en los pasados Juegos Parapanamericanos de Lima 2019, adem\u00e1s de ser medallista mundial.&nbsp;<\/p>\n\n\n\n<p>Otra de las cartas fuertes de M\u00e9xico es el xalape\u00f1o Diego L\u00f3pez D\u00edaz, quien gan\u00f3 cinco medallas de oro en los Juegos Parapanamericanos de Lima 2019, as\u00ed como cuatro preseas doradas en el Mundial de Para-Nataci\u00f3n efectuado ese mismo a\u00f1o en Londres, Inglaterra.&nbsp;<\/p>\n\n\n\n<p>El \u201cMisil\u201d vivir\u00e1 sus segundos Juegos Paral\u00edmpicos luego de haber estado en R\u00edo 2016 y ahora espera subirse al podio en Tokio 2020.&nbsp;<\/p>\n\n\n\n<p>CALENDARIO OFICIAL VERACRUZANOS&nbsp;<\/p>\n\n\n\n<p>ELIEZER GABRIEL BUENAVENTURA&nbsp;<\/p>\n\n\n\n<p>Lanzamiento de Jabalina&nbsp;<\/p>\n\n\n\n<p>Categor\u00eda F46&nbsp;<\/p>\n\n\n\n<p>29 de Agosto&nbsp;<\/p>\n\n\n\n<p>21:03 horas&nbsp;<\/p>\n\n\n\n<p>MAR\u00cdA ESTELA SALAS MARIN&nbsp;<\/p>\n\n\n\n<p>Lanzamiento de Disco&nbsp;<\/p>\n\n\n\n<p>Categor\u00eda F53&nbsp;<\/p>\n\n\n\n<p>30 Agosto&nbsp;<\/p>\n\n\n\n<p>05:10 horas&nbsp;<\/p>\n\n\n\n<p>PARA-NATACI\u00d3N&nbsp;<\/p>\n\n\n\n<p>DIEGO L\u00d3PEZ DIAZ&nbsp;<\/p>\n\n\n\n<p>Categor\u00eda S3&nbsp;<\/p>\n\n\n\n<p>-150 metros Combinado Individual&nbsp;<\/p>\n\n\n\n<p>28 Agosto 03:41 Horas&nbsp;<\/p>\n\n\n\n<p>-50 Metros Dorso&nbsp;<\/p>\n\n\n\n<p>29 Agosto 03:47 Horas&nbsp;<\/p>\n\n\n\n<p>-50 Metros Libres&nbsp;<\/p>\n\n\n\n<p>02 Septiembre 05:10 Horas&nbsp;<\/p>\n\n\n\n<p>-200 Metros Libres&nbsp;<\/p>\n\n\n\n<p>03 Septiembre 05:21 Horas&nbsp;<\/p>\n\n\n\n<p>NAOMI SOMELLERA MANDUJANO<\/p>\n\n\n\n<p>-200 Metros Combinado Individual SM7&nbsp;<\/p>\n\n\n\n<p>27 Agosto 05:00 Horas&nbsp;<\/p>\n\n\n\n<p>-400 Metros Libres S7&nbsp;<\/p>\n\n\n\n<p>29 Agosto 03:10 Horas&nbsp;<\/p>\n\n\n\n<p>-100 Metros Pecho SB7&nbsp;<\/p>\n\n\n\n<p>01 Septiembre 03:10 Horas&nbsp;<\/p>\n\n\n\n<p>-50 Metros Mariposa S7&nbsp;<\/p>\n\n\n\n<p>03 Septiembre 04:04 Horas&nbsp;<\/p>\n\n\n\n<p>NELY EDITH MIRANDA HERRERA&nbsp;<\/p>\n\n\n\n<p>-150 Metros Combinado Individual SM4&nbsp;<\/p>\n\n\n\n<p>29 Agosto 03:36 Horas&nbsp;<\/p>\n\n\n\n<p>-50 Metros Pecho SB3&nbsp;<\/p>\n\n\n\n<p>31 Agosto 04:12 Horas&nbsp;<\/p>\n\n\n\n<p>-50 Metros Libres S4&nbsp;<\/p>\n\n\n\n<p>02 Septiembre 05:38 Horas&nbsp;<\/p>\n\n\n\n<p>-50 Metros Dorso S4<\/p>\n\n\n\n<p>03 Septiembre 04:31 Horas&nbsp;<\/p>\n","protected":false},"excerpt":{"rendered":"<p>Alejandro \u00c1vila Veracruz, Ver.- El nadador xalape\u00f1o y esperanza de medalla paral\u00edmpica, Diego L\u00f3pez D\u00edaz, port\u00f3 la bandera de M\u00e9xico en compa\u00f1\u00eda de la multimedallista Amalia P\u00e9rez, para as\u00ed encabezar la delegaci\u00f3n mexicana que competir\u00e1 en los Juegos Paral\u00edmpicos de Tokio. En total, ser\u00e1n cinco deportistas veracruzanos los que compitan en los Juegos Paral\u00edmpicos de [&hellip;]<\/p>\n","protected":false},"author":1,"featured_media":17710,"comment_status":"open","ping_status":"open","sticky":false,"template":"","format":"standard","meta":{"_jetpack_memberships_contains_paid_content":false,"footnotes":""},"categories":[2],"tags":[],"class_list":["post-17709","post","type-post","status-publish","format-standard","has-post-thumbnail","hentry","category-estado"],"jetpack_featured_media_url":"https:\/\/encuentroinformativo.com.mx\/wp-content\/uploads\/2021\/08\/97384BCC-DFEE-4318-BFDC-0CF00D84178C.jpeg","jetpack_sharing_enabled":true,"jetpack_likes_enabled":true,"amp_enabled":true,"_links":{"self":[{"href":"https:\/\/encuentroinformativo.com.mx\/index.php?rest_route=\/wp\/v2\/posts\/17709","targetHints":{"allow":["GET"]}}],"collection":[{"href":"https:\/\/encuentroinformativo.com.mx\/index.php?rest_route=\/wp\/v2\/posts"}],"about":[{"href":"https:\/\/encuentroinformativo.com.mx\/index.php?rest_route=\/wp\/v2\/types\/post"}],"author":[{"embeddable":true,"href":"https:\/\/encuentroinformativo.com.mx\/index.php?rest_route=\/wp\/v2\/users\/1"}],"replies":[{"embeddable":true,"href":"https:\/\/encuentroinformativo.com.mx\/index.php?rest_route=%2Fwp%2Fv2%2Fcomments&post=17709"}],"version-history":[{"count":1,"href":"https:\/\/encuentroinformativo.com.mx\/index.php?rest_route=\/wp\/v2\/posts\/17709\/revisions"}],"predecessor-version":[{"id":17711,"href":"https:\/\/encuentroinformativo.com.mx\/index.php?rest_route=\/wp\/v2\/posts\/17709\/revisions\/17711"}],"wp:featuredmedia":[{"embeddable":true,"href":"https:\/\/encuentroinformativo.com.mx\/index.php?rest_route=\/wp\/v2\/media\/17710"}],"wp:attachment":[{"href":"https:\/\/encuentroinformativo.com.mx\/index.php?rest_route=%2Fwp%2Fv2%2Fmedia&parent=17709"}],"wp:term":[{"taxonomy":"category","embeddable":true,"href":"https:\/\/encuentroinformativo.com.mx\/index.php?rest_route=%2Fwp%2Fv2%2Fcategories&post=17709"},{"taxonomy":"post_tag","embeddable":true,"href":"https:\/\/encuentroinformativo.com.mx\/index.php?rest_route=%2Fwp%2Fv2%2Ftags&post=17709"}],"curies":[{"name":"wp","href":"https:\/\/api.w.org\/{rel}","templated":true}]}}