{"id":17720,"date":"2021-08-24T11:07:03","date_gmt":"2021-08-24T16:07:03","guid":{"rendered":"https:\/\/encuentroinformativo.com.mx\/?p=17720"},"modified":"2021-08-24T17:09:21","modified_gmt":"2021-08-24T22:09:21","slug":"padres-responsables-de-mandar-a-sus-hijos-a-clases-senalan-evangelicos","status":"publish","type":"post","link":"https:\/\/encuentroinformativo.com.mx\/?p=17720","title":{"rendered":"Padres responsables de mandar a sus hijos a clases, se\u00f1alan evang\u00e9licos"},"content":{"rendered":"\n<p><strong>Dar\u00edo Pale\u00a0<\/strong><\/p>\n\n\n\n<p>Xalapa, Ver.- El presidente de la Red Evang\u00e9lica de Veracruz Guillermo Trujillo \u00c1lvarez dio a conocer qu\u00e9 ser\u00e1 responsabilidad de los padres de familia el mandar o no a sus hijos a clases presenciales.<\/p>\n\n\n\n<p>En conferencia de prensa realizada en conocido caf\u00e9 del centro de Xalapa, se\u00f1al\u00f3 que espera que la visita del presidente de M\u00e9xico Andr\u00e9s Manuel L\u00f3pez Obrador traiga apoyos para las personas afectadas por el paso del hurac\u00e1n Grace.<\/p>\n\n\n\n<p>Es bueno que M\u00e9xico apoye a Cuba y a otros pa\u00edses pero tambi\u00e9n ser\u00eda bueno que ayude a los connacionales, ya que hay muchas familias que se quedaron sin nada de sus cosas materiales, incluso lamentablemente se perdieron vidas humanas, por lo que convocaron a sus feligreses a que lleven v\u00edveres y ropa para repartir en las colonias.<\/p>\n\n\n\n<p>Adem\u00e1s espera que con la visita del presidente a Xalapa revise el trabajo que est\u00e1 haciendo el alcalde Hip\u00f3lito Rodr\u00edguez Herrero ya que con el fen\u00f3meno meteorol\u00f3gico &#8220;no lo vimos mojarse los pies, no lo vimos enlodarse, solo lo vimos en los centros de acopio muy ba\u00f1adito y limpiecito&#8221;.<\/p>\n\n\n\n<p>En otro orden de ideas en cuanto al regreso a clases presenciales se\u00f1al\u00f3 que el gobierno debe de garantizar la educaci\u00f3n, seguridad y salud, no se pude perder el ciclo escolar pero es decisi\u00f3n de los padres si quieren enviar a sus hijos a la escuela &#8220;yo estoy a favor de lo que los padres decidan&#8221;.<\/p>\n\n\n\n<p>En cuanto a la seguridad coment\u00f3 que el presidente de M\u00e9xico debe de revisar los n\u00fameros del estado ya que la semana pasada estaba en primer lugar en secuestros, aunque seg\u00fan se est\u00e1 trabajando va muy lento el avance por lo que exhortan a las autoridades que se apliquen en ese tema.<\/p>\n\n\n\n<p>Finalmente se\u00f1al\u00f3 que lamentablemente en Xalapa existen colonias irregulares donde no se deber\u00eda de construir por los deslaves, y muchos perdieron cosas materiales ya que no tienen drenaje y todo eso afecta en estos fen\u00f3menos naturales.<\/p>\n","protected":false},"excerpt":{"rendered":"<p>Dar\u00edo Pale\u00a0 Xalapa, Ver.- El presidente de la Red Evang\u00e9lica de Veracruz Guillermo Trujillo \u00c1lvarez dio a conocer qu\u00e9 ser\u00e1 responsabilidad de los padres de familia el mandar o no a sus hijos a clases presenciales. En conferencia de prensa realizada en conocido caf\u00e9 del centro de Xalapa, se\u00f1al\u00f3 que espera que la visita del [&hellip;]<\/p>\n","protected":false},"author":2476,"featured_media":17719,"comment_status":"open","ping_status":"open","sticky":false,"template":"","format":"standard","meta":{"_jetpack_memberships_contains_paid_content":false,"footnotes":""},"categories":[3],"tags":[],"class_list":["post-17720","post","type-post","status-publish","format-standard","has-post-thumbnail","hentry","category-xalapa"],"jetpack_featured_media_url":"https:\/\/encuentroinformativo.com.mx\/wp-content\/uploads\/2021\/08\/C1A3343E-59DB-40E6-BC09-43DACA5F1716.jpeg","jetpack_sharing_enabled":true,"jetpack_likes_enabled":true,"amp_enabled":true,"_links":{"self":[{"href":"https:\/\/encuentroinformativo.com.mx\/index.php?rest_route=\/wp\/v2\/posts\/17720","targetHints":{"allow":["GET"]}}],"collection":[{"href":"https:\/\/encuentroinformativo.com.mx\/index.php?rest_route=\/wp\/v2\/posts"}],"about":[{"href":"https:\/\/encuentroinformativo.com.mx\/index.php?rest_route=\/wp\/v2\/types\/post"}],"author":[{"embeddable":true,"href":"https:\/\/encuentroinformativo.com.mx\/index.php?rest_route=\/wp\/v2\/users\/2476"}],"replies":[{"embeddable":true,"href":"https:\/\/encuentroinformativo.com.mx\/index.php?rest_route=%2Fwp%2Fv2%2Fcomments&post=17720"}],"version-history":[{"count":1,"href":"https:\/\/encuentroinformativo.com.mx\/index.php?rest_route=\/wp\/v2\/posts\/17720\/revisions"}],"predecessor-version":[{"id":17721,"href":"https:\/\/encuentroinformativo.com.mx\/index.php?rest_route=\/wp\/v2\/posts\/17720\/revisions\/17721"}],"wp:featuredmedia":[{"embeddable":true,"href":"https:\/\/encuentroinformativo.com.mx\/index.php?rest_route=\/wp\/v2\/media\/17719"}],"wp:attachment":[{"href":"https:\/\/encuentroinformativo.com.mx\/index.php?rest_route=%2Fwp%2Fv2%2Fmedia&parent=17720"}],"wp:term":[{"taxonomy":"category","embeddable":true,"href":"https:\/\/encuentroinformativo.com.mx\/index.php?rest_route=%2Fwp%2Fv2%2Fcategories&post=17720"},{"taxonomy":"post_tag","embeddable":true,"href":"https:\/\/encuentroinformativo.com.mx\/index.php?rest_route=%2Fwp%2Fv2%2Ftags&post=17720"}],"curies":[{"name":"wp","href":"https:\/\/api.w.org\/{rel}","templated":true}]}}