{"id":17722,"date":"2021-08-24T17:21:43","date_gmt":"2021-08-24T22:21:43","guid":{"rendered":"https:\/\/encuentroinformativo.com.mx\/?p=17722"},"modified":"2021-08-24T17:21:48","modified_gmt":"2021-08-24T22:21:48","slug":"modificare-el-meif-al-llegar-a-rectoria-martin-aguilar","status":"publish","type":"post","link":"https:\/\/encuentroinformativo.com.mx\/?p=17722","title":{"rendered":"Modificar\u00e9 el MEIF al llegar a Rector\u00eda: Mart\u00edn Aguilar"},"content":{"rendered":"\n<p><strong>Juan Arcos<\/strong><\/p>\n\n\n\n<p>Xalapa, Ver.- <strong>Una de las principales necesidades estudiantiles en la Universidad Veracruzana (UV) es la modificaci\u00f3n del Modelo Educativo Integral y Flexible (MEIF)<\/strong>, situaci\u00f3n que ha propuesto el doctor en Ciencia Pol\u00edtica, Mart\u00edn Aguilar S\u00e1nchez, reci\u00e9n seleccionado como candidato a participar en el proceso para la renovaci\u00f3n de la Rector\u00eda.<\/p>\n\n\n\n<p><strong>El investigador de tiempo completo en el Instituto de Investigaciones Hist\u00f3rico Sociales (IIHS) se ha reunido con los sectores que forman parte de la comunidad universitaria<\/strong>, para presentar su proyecto denominado \u201cTransformaci\u00f3n Integral para la Universidad Veracruzana\u201d, cuyos ejes rectores son los derechos humanos y la sustentabilidad, donde el estudiantado es el elemento central y una prioridad.<\/p>\n\n\n\n<p>Recuerda que el MEIF entr\u00f3 en funciones desde hace m\u00e1s de 20 a\u00f1os en la instituci\u00f3n, por lo que requiere cambios y transformaciones importantes, con el objetivo de que los estudiantes concluyan sus programas acad\u00e9micos, siendo profesionales aut\u00f3nomos.<\/p>\n\n\n\n<p><strong>\u201cQue sea un profesional pleno, cr\u00edtico, con una visi\u00f3n humanista y esto no se ha logrado de una u otra manera. Hay varios elementos y varios puntos, yo creo que lo que tenemos que transformar es hacer algunos ajustes en el \u00e1rea b\u00e1sica, es un elemento importante para lograr este objetivo que mencion\u00e9\u201d, <\/strong>explica.<\/p>\n\n\n\n<p><strong>El Licenciado en Sociolog\u00eda por la UV y Maestro en Historia de M\u00e9xico por la Universidad Nacional Aut\u00f3noma de M\u00e9xico (UNAM)<\/strong> destaca la importancia de hacer modificaciones a la oferta de horas-clases que deben tomar los alumnos.<\/p>\n\n\n\n<p>\u201cMuchas veces no es lo suficientemente amplia (la oferta) y entonces no acaba de cubrir las necesidades y demandas de los estudiantes. Entonces en eso tenemos que trabajar y ordenar ese aspecto\u201d.&nbsp;<\/p>\n\n\n\n<p><strong>El miembro del Sistema Nacional de Investigadores y perfil del Programa de Mejoramiento del Profesorado (PROMEP) comenta que una de las inquietudes entre los universitarios es la fragmentaci\u00f3n de las horas de clases.<\/strong><\/p>\n\n\n\n<p>\u201cEn todas las reuniones y el diagn\u00f3stico que nosotros tenemos hay un problema porque el estudiante puede entrar y tomar unas clases de siete a nueve de la ma\u00f1ana y luego tiene que regresar de una a tres de la tarde, y luego tiene que regresar a las cinco de la tarde\u201d.<\/p>\n\n\n\n<p>Explica que el problema se agudiza cuando los alumnos tienen que gastar en transporte p\u00fablico para trasladarse al campus, por lo que es necesario trabajar con estudiantes y profesores para replantear o ajustar los horarios de clases.<\/p>\n\n\n\n<p><strong>\u201cEntonces hay una preocupaci\u00f3n en dos niveles: uno en la continuidad y otro que no deja espacios libres al estudiante o que tambi\u00e9n los desplazamientos de acuerdo a las clases que tenga que tomar implica un mayor recurso\u201d, <\/strong>enfatiza el acad\u00e9mico, uno de los fundadores de la Facultad de Sociolog\u00eda, donde es profesor de Sociolog\u00eda Pol\u00edtica.<\/p>\n\n\n\n<p>A su juicio, el MEIF es \u201ccontroversial\u201d, toda vez que hay estudiantes que est\u00e1n a favor y otros en contra, dependiendo de los lugares d\u00f3nde se encuentren.<\/p>\n\n\n\n<p><strong>\u201cEn aquellos lugares que son m\u00e1s compactos, donde el desplazamiento de los estudiantes es m\u00e1s corto, donde el campus es no tan amplio, hay veces que los estudiantes piensan que les est\u00e1 funcionando (el MEIF)<\/strong>, pero en otros que son de mayor amplitud, no, por un lado, pero por otro lado hay otro aspecto muy importante y est\u00e1n muy preocupados por la fragmentaci\u00f3n de las horas o la oferta de horas\u201d.<\/p>\n\n\n\n<p>Por ello, considera que se trata de un tema importante a plantearse en este proceso donde la Junta de Gobierno revel\u00f3 una terna con tres acad\u00e9micos: \u00e9l, H\u00e9ctor Coronel Brizio y Jorge Manzo Denes, quienes buscan suceder a Sara Ladr\u00f3n de Guevara Gonz\u00e1lez en el cargo.<\/p>\n","protected":false},"excerpt":{"rendered":"<p>Juan Arcos Xalapa, Ver.- Una de las principales necesidades estudiantiles en la Universidad Veracruzana (UV) es la modificaci\u00f3n del Modelo Educativo Integral y Flexible (MEIF), situaci\u00f3n que ha propuesto el doctor en Ciencia Pol\u00edtica, Mart\u00edn Aguilar S\u00e1nchez, reci\u00e9n seleccionado como candidato a participar en el proceso para la renovaci\u00f3n de la Rector\u00eda. El investigador de [&hellip;]<\/p>\n","protected":false},"author":2476,"featured_media":17723,"comment_status":"open","ping_status":"open","sticky":false,"template":"","format":"standard","meta":{"_jetpack_memberships_contains_paid_content":false,"footnotes":""},"categories":[10,2],"tags":[],"class_list":["post-17722","post","type-post","status-publish","format-standard","has-post-thumbnail","hentry","category-entrevistas","category-estado"],"jetpack_featured_media_url":"https:\/\/encuentroinformativo.com.mx\/wp-content\/uploads\/2021\/08\/IMG_7804.jpg","jetpack_sharing_enabled":true,"jetpack_likes_enabled":true,"amp_enabled":true,"_links":{"self":[{"href":"https:\/\/encuentroinformativo.com.mx\/index.php?rest_route=\/wp\/v2\/posts\/17722","targetHints":{"allow":["GET"]}}],"collection":[{"href":"https:\/\/encuentroinformativo.com.mx\/index.php?rest_route=\/wp\/v2\/posts"}],"about":[{"href":"https:\/\/encuentroinformativo.com.mx\/index.php?rest_route=\/wp\/v2\/types\/post"}],"author":[{"embeddable":true,"href":"https:\/\/encuentroinformativo.com.mx\/index.php?rest_route=\/wp\/v2\/users\/2476"}],"replies":[{"embeddable":true,"href":"https:\/\/encuentroinformativo.com.mx\/index.php?rest_route=%2Fwp%2Fv2%2Fcomments&post=17722"}],"version-history":[{"count":1,"href":"https:\/\/encuentroinformativo.com.mx\/index.php?rest_route=\/wp\/v2\/posts\/17722\/revisions"}],"predecessor-version":[{"id":17724,"href":"https:\/\/encuentroinformativo.com.mx\/index.php?rest_route=\/wp\/v2\/posts\/17722\/revisions\/17724"}],"wp:featuredmedia":[{"embeddable":true,"href":"https:\/\/encuentroinformativo.com.mx\/index.php?rest_route=\/wp\/v2\/media\/17723"}],"wp:attachment":[{"href":"https:\/\/encuentroinformativo.com.mx\/index.php?rest_route=%2Fwp%2Fv2%2Fmedia&parent=17722"}],"wp:term":[{"taxonomy":"category","embeddable":true,"href":"https:\/\/encuentroinformativo.com.mx\/index.php?rest_route=%2Fwp%2Fv2%2Fcategories&post=17722"},{"taxonomy":"post_tag","embeddable":true,"href":"https:\/\/encuentroinformativo.com.mx\/index.php?rest_route=%2Fwp%2Fv2%2Ftags&post=17722"}],"curies":[{"name":"wp","href":"https:\/\/api.w.org\/{rel}","templated":true}]}}