{"id":17731,"date":"2021-08-25T11:21:45","date_gmt":"2021-08-25T16:21:45","guid":{"rendered":"https:\/\/encuentroinformativo.com.mx\/?p=17731"},"modified":"2021-08-25T11:21:48","modified_gmt":"2021-08-25T16:21:48","slug":"jueves-se-restableceria-energia-electrica-en-municipios-afectados-por-grace-cfe","status":"publish","type":"post","link":"https:\/\/encuentroinformativo.com.mx\/?p=17731","title":{"rendered":"Jueves, se restablecer\u00eda energ\u00eda el\u00e9ctrica en municipios afectados por Grace: CFE"},"content":{"rendered":"\n<p><strong>Juan Arcos<\/strong><\/p>\n\n\n\n<p>Xalapa, Ver.- A m\u00e1s tardar el jueves ser\u00e1 restablecido el servicio de energ\u00eda el\u00e9ctrica en los municipios afectados por el hurac\u00e1n \u201cGrace\u201d en su paso por el territorio veracruzano.<\/p>\n\n\n\n<p>As\u00ed lo dio a conocer el director de la Comisi\u00f3n Federal de Electricidad (CFE), Manuel Bartlett D\u00edaz, quien a\u00f1adi\u00f3 que en la entidad 456 mil veracruzanos resultaron afectados.<\/p>\n\n\n\n<p>El fen\u00f3meno meteorol\u00f3gico afect\u00f3 a 868 mil 996 usuarios de los estados de Veracruz, Puebla, Tlaxcala, Hidalgo y San Luis Potos\u00ed.<br>En la conferencia ma\u00f1ana del presidente Andr\u00e9s Manuel L\u00f3pez Obrador, desde la 26 zona militar de El Lencero, municipio de Emiliano Zapata, indic\u00f3 que entre mi\u00e9rcoles y jueves quedar\u00e1 restablecido al 100 por ciento el servicio en esta entidad.<\/p>\n\n\n\n<p>En ese sentido, se\u00f1al\u00f3 que mil 712 trabajadores electricistas llevaron a cabo las acciones necesarias en apoyo a las familias afectadas.<\/p>\n\n\n\n<p>Para ello se habilitaron 338 gr\u00faas, 474 veh\u00edculos, 35 bases de emergencia y dos helic\u00f3pteros.<\/p>\n\n\n\n<p>Bartlett D\u00edaz asegur\u00f3 que el personal labora sin descanso para garantizar el restablecimiento de este servicio b\u00e1sico, sobre todo en la zona norte del estado.<\/p>\n\n\n\n<p>\u201cAl 25 de agosto se tiene confianza en el restablecimiento del sistema el\u00e9ctrico entre del d\u00eda de hoy a ma\u00f1ana\u201d, expres\u00f3.<\/p>\n\n\n\n<p>Cabe recordar que, la tarde del martes,\u00a0pobladores de Poza Rica protestaron y bloquearon tramos carreteros para denunciar la falta de energ\u00eda el\u00e9ctrica en sus hogares desde el impacto del hurac\u00e1n, el pasado s\u00e1bado.<\/p>\n","protected":false},"excerpt":{"rendered":"<p>Juan Arcos Xalapa, Ver.- A m\u00e1s tardar el jueves ser\u00e1 restablecido el servicio de energ\u00eda el\u00e9ctrica en los municipios afectados por el hurac\u00e1n \u201cGrace\u201d en su paso por el territorio veracruzano. As\u00ed lo dio a conocer el director de la Comisi\u00f3n Federal de Electricidad (CFE), Manuel Bartlett D\u00edaz, quien a\u00f1adi\u00f3 que en la entidad 456 [&hellip;]<\/p>\n","protected":false},"author":1,"featured_media":17732,"comment_status":"open","ping_status":"open","sticky":false,"template":"","format":"standard","meta":{"_jetpack_memberships_contains_paid_content":false,"footnotes":""},"categories":[2],"tags":[],"class_list":["post-17731","post","type-post","status-publish","format-standard","has-post-thumbnail","hentry","category-estado"],"jetpack_featured_media_url":"https:\/\/encuentroinformativo.com.mx\/wp-content\/uploads\/2021\/08\/38BB246B-945F-49CB-8B6B-AC8110BD4BC4.jpeg","jetpack_sharing_enabled":true,"jetpack_likes_enabled":true,"amp_enabled":true,"_links":{"self":[{"href":"https:\/\/encuentroinformativo.com.mx\/index.php?rest_route=\/wp\/v2\/posts\/17731","targetHints":{"allow":["GET"]}}],"collection":[{"href":"https:\/\/encuentroinformativo.com.mx\/index.php?rest_route=\/wp\/v2\/posts"}],"about":[{"href":"https:\/\/encuentroinformativo.com.mx\/index.php?rest_route=\/wp\/v2\/types\/post"}],"author":[{"embeddable":true,"href":"https:\/\/encuentroinformativo.com.mx\/index.php?rest_route=\/wp\/v2\/users\/1"}],"replies":[{"embeddable":true,"href":"https:\/\/encuentroinformativo.com.mx\/index.php?rest_route=%2Fwp%2Fv2%2Fcomments&post=17731"}],"version-history":[{"count":1,"href":"https:\/\/encuentroinformativo.com.mx\/index.php?rest_route=\/wp\/v2\/posts\/17731\/revisions"}],"predecessor-version":[{"id":17733,"href":"https:\/\/encuentroinformativo.com.mx\/index.php?rest_route=\/wp\/v2\/posts\/17731\/revisions\/17733"}],"wp:featuredmedia":[{"embeddable":true,"href":"https:\/\/encuentroinformativo.com.mx\/index.php?rest_route=\/wp\/v2\/media\/17732"}],"wp:attachment":[{"href":"https:\/\/encuentroinformativo.com.mx\/index.php?rest_route=%2Fwp%2Fv2%2Fmedia&parent=17731"}],"wp:term":[{"taxonomy":"category","embeddable":true,"href":"https:\/\/encuentroinformativo.com.mx\/index.php?rest_route=%2Fwp%2Fv2%2Fcategories&post=17731"},{"taxonomy":"post_tag","embeddable":true,"href":"https:\/\/encuentroinformativo.com.mx\/index.php?rest_route=%2Fwp%2Fv2%2Ftags&post=17731"}],"curies":[{"name":"wp","href":"https:\/\/api.w.org\/{rel}","templated":true}]}}