{"id":17734,"date":"2021-08-25T11:31:30","date_gmt":"2021-08-25T16:31:30","guid":{"rendered":"https:\/\/encuentroinformativo.com.mx\/?p=17734"},"modified":"2021-08-25T11:31:34","modified_gmt":"2021-08-25T16:31:34","slug":"veracruz-retornara-a-clases-presenciales-reitera-amlo","status":"publish","type":"post","link":"https:\/\/encuentroinformativo.com.mx\/?p=17734","title":{"rendered":"Veracruz retornar\u00e1 a clases presenciales, reitera AMLO"},"content":{"rendered":"\n<p><strong>Juan Arcos<\/strong><\/p>\n\n\n\n<p>Xalapa, Ver.- El presidente de la Rep\u00fablica, Andr\u00e9s Manuel L\u00f3pez Obrador, asegur\u00f3 que el pr\u00f3ximo lunes 30 de agosto ser\u00e1 el regreso a clases presenciales en Veracruz, pese a las severas afectaciones en viviendas y escuelas por el hurac\u00e1n \u201c<em>Grace<\/em>\u201d.<\/p>\n\n\n\n<p>En su conferencia ma\u00f1anera, realizada en la 26 Zona Militar de El Lencero, municipio de Emiliano Zapata, cerca de Xalapa, el mandatario federal insisti\u00f3 en que es necesario el retorno a las aulas.<\/p>\n\n\n\n<p>\u201cS\u00ed vamos a poder regresar a clases en la mayor\u00eda de los municipios de Veracruz, considero que es necesario, ya no podemos mantener cerradas las escuelas\u201d.\u00a0<\/p>\n\n\n\n<p>A\u00f1adi\u00f3 que la mayor\u00eda de los municipios de esta entidad se encuentra en condiciones para el regreso a clases, debido a que solo 62 de los 212 registraron da\u00f1os por las fuertes lluvias y vientos tras el impacto del meteoro, la madrugada del s\u00e1bado.<\/p>\n\n\n\n<p>\u201cDonde no sea posible vamos a apurarnos para rehabilitar las escuelas, para que se vayan creando las condiciones en vivienda, tengan su techo, l\u00e1minas de zinc en las zonas m\u00e1s apartadas y pobres\u201d, expres\u00f3.<\/p>\n\n\n\n<p>Enfatiz\u00f3 que la pr\u00f3xima semana ser\u00e1n entregados apoyos en los planteles educativos y que se estima la compra de un mill\u00f3n 500 mil l\u00e1minas de zinc.\u00a0<\/p>\n\n\n\n<p>\u201cVamos a seguir con las clases a distancia para que no haya atraso educativo. Vamos a tener restablecido el sistema el\u00e9ctrico, en una semana m\u00e1s vamos a tener l\u00e1minas, ya est\u00e1 llegando el apoyo en despensas, est\u00e1n restableciendo las comunicaciones y vamos a esperar para que se regrese lo m\u00e1s pronto posible a la normalidad\u201d, manifest\u00f3.<\/p>\n\n\n\n<p>L\u00f3pez Obrador admiti\u00f3 que hay planteles donde resultar\u00eda imposible el regreso a clases presenciales por los da\u00f1os en las instalaciones.<\/p>\n\n\n\n<p>\u201cDonde no hay condiciones pues no es posible el regreso a clases pero afortunadamente el hurac\u00e1n no caus\u00f3 da\u00f1os en la mayor\u00eda del territorio de Veracruz\u201d, enfatiz\u00f3.<\/p>\n\n\n\n<p>Cabe recordar que el titular de la Secretar\u00eda de Educaci\u00f3n de Veracruz (SEV), Zenyazen Escobar Garc\u00eda, reci\u00e9n revel\u00f3 que 3 mil 17 escuelas presentan afectaciones severas, sobre todo en municipios de la zona norte del estado.<\/p>\n","protected":false},"excerpt":{"rendered":"<p>Juan Arcos Xalapa, Ver.- El presidente de la Rep\u00fablica, Andr\u00e9s Manuel L\u00f3pez Obrador, asegur\u00f3 que el pr\u00f3ximo lunes 30 de agosto ser\u00e1 el regreso a clases presenciales en Veracruz, pese a las severas afectaciones en viviendas y escuelas por el hurac\u00e1n \u201cGrace\u201d. En su conferencia ma\u00f1anera, realizada en la 26 Zona Militar de El Lencero, [&hellip;]<\/p>\n","protected":false},"author":1,"featured_media":17735,"comment_status":"open","ping_status":"open","sticky":false,"template":"","format":"standard","meta":{"_jetpack_memberships_contains_paid_content":false,"footnotes":""},"categories":[2],"tags":[],"class_list":["post-17734","post","type-post","status-publish","format-standard","has-post-thumbnail","hentry","category-estado"],"jetpack_featured_media_url":"https:\/\/encuentroinformativo.com.mx\/wp-content\/uploads\/2021\/08\/13F075B0-310C-4124-A317-C3F76D49E3D6.jpeg","jetpack_sharing_enabled":true,"jetpack_likes_enabled":true,"amp_enabled":true,"_links":{"self":[{"href":"https:\/\/encuentroinformativo.com.mx\/index.php?rest_route=\/wp\/v2\/posts\/17734","targetHints":{"allow":["GET"]}}],"collection":[{"href":"https:\/\/encuentroinformativo.com.mx\/index.php?rest_route=\/wp\/v2\/posts"}],"about":[{"href":"https:\/\/encuentroinformativo.com.mx\/index.php?rest_route=\/wp\/v2\/types\/post"}],"author":[{"embeddable":true,"href":"https:\/\/encuentroinformativo.com.mx\/index.php?rest_route=\/wp\/v2\/users\/1"}],"replies":[{"embeddable":true,"href":"https:\/\/encuentroinformativo.com.mx\/index.php?rest_route=%2Fwp%2Fv2%2Fcomments&post=17734"}],"version-history":[{"count":1,"href":"https:\/\/encuentroinformativo.com.mx\/index.php?rest_route=\/wp\/v2\/posts\/17734\/revisions"}],"predecessor-version":[{"id":17736,"href":"https:\/\/encuentroinformativo.com.mx\/index.php?rest_route=\/wp\/v2\/posts\/17734\/revisions\/17736"}],"wp:featuredmedia":[{"embeddable":true,"href":"https:\/\/encuentroinformativo.com.mx\/index.php?rest_route=\/wp\/v2\/media\/17735"}],"wp:attachment":[{"href":"https:\/\/encuentroinformativo.com.mx\/index.php?rest_route=%2Fwp%2Fv2%2Fmedia&parent=17734"}],"wp:term":[{"taxonomy":"category","embeddable":true,"href":"https:\/\/encuentroinformativo.com.mx\/index.php?rest_route=%2Fwp%2Fv2%2Fcategories&post=17734"},{"taxonomy":"post_tag","embeddable":true,"href":"https:\/\/encuentroinformativo.com.mx\/index.php?rest_route=%2Fwp%2Fv2%2Ftags&post=17734"}],"curies":[{"name":"wp","href":"https:\/\/api.w.org\/{rel}","templated":true}]}}