{"id":17737,"date":"2021-08-25T12:47:35","date_gmt":"2021-08-25T17:47:35","guid":{"rendered":"https:\/\/encuentroinformativo.com.mx\/?p=17737"},"modified":"2021-08-25T12:47:39","modified_gmt":"2021-08-25T17:47:39","slug":"grace-dano-900-hectareas-de-cultivos-campesinos-reclaman-apoyos","status":"publish","type":"post","link":"https:\/\/encuentroinformativo.com.mx\/?p=17737","title":{"rendered":"Grace da\u00f1\u00f3 900 hect\u00e1reas de cultivos; campesinos reclaman apoyos"},"content":{"rendered":"\n<p><strong>Juan Arcos<\/strong><\/p>\n\n\n\n<p>Xalapa, Ver.- M\u00e1s de 900 hect\u00e1reas de pl\u00e1tano, lim\u00f3n y ma\u00edz fueron afectadas en la zona norte del estado de Veracruz por el paso del hurac\u00e1n \u201cGrace\u201d.<\/p>\n\n\n\n<p>Esta situaci\u00f3n ocurri\u00f3 en San Rafael, Mart\u00ednez de la Torre, Papantla, Tlapacoyan, Nautla y Guti\u00e9rrez Zamora, debido a las fuertes lluvias y vientos por el fen\u00f3meno meteorol\u00f3gico.<\/p>\n\n\n\n<p>Un grupo de los campesinos afectados protestaron afuera de las oficinas de la Secretar\u00eda de Desarrollo Agropecuario, Rural y Pesca (Sedarpa), ubicadas sobre la calle Salvador D\u00edaz Mir\u00f3n de esta ciudad capital.\u00a0<br>De acuerdo con Miguel Basti\u00e1n Sierra, representante de los productores, hay m\u00e1s de 600 productores afectados en dicha zona.<\/p>\n\n\n\n<p>El entrevistado coment\u00f3 que a cinco d\u00edas del impacto del hurac\u00e1n en Veracruz, las autoridades estatales y federales no han levantado un censo para verificar la magnitud de las afectaciones.<\/p>\n\n\n\n<p>Adem\u00e1s, indic\u00f3 que los campesinos se encuentran en la incertidumbre sobre los mecanismos que ser\u00e1n implementados por parte del gobierno para apoyar al campo.<\/p>\n\n\n\n<p>\u201cNo va a haber ma\u00edz para el autoconsumo, el lim\u00f3n va a pasar a ser de una calidad de primera a calidad de tercera, no va a haber producci\u00f3n r\u00e1pida y lo mismo va a pasar en el plant\u00edo de pl\u00e1tano\u201d, enfatiz\u00f3.<\/p>\n\n\n\n<figure class=\"wp-block-image size-large\"><img loading=\"lazy\" decoding=\"async\" width=\"729\" height=\"496\" src=\"https:\/\/encuentroinformativo.com.mx\/wp-content\/uploads\/2021\/08\/6ECE4454-8639-4B29-A8FC-1B4BF3677D5E.jpeg\" alt=\"\" class=\"wp-image-17739\" srcset=\"https:\/\/encuentroinformativo.com.mx\/wp-content\/uploads\/2021\/08\/6ECE4454-8639-4B29-A8FC-1B4BF3677D5E.jpeg 729w, https:\/\/encuentroinformativo.com.mx\/wp-content\/uploads\/2021\/08\/6ECE4454-8639-4B29-A8FC-1B4BF3677D5E-300x204.jpeg 300w\" sizes=\"auto, (max-width: 729px) 100vw, 729px\" \/><\/figure>\n","protected":false},"excerpt":{"rendered":"<p>Juan Arcos Xalapa, Ver.- M\u00e1s de 900 hect\u00e1reas de pl\u00e1tano, lim\u00f3n y ma\u00edz fueron afectadas en la zona norte del estado de Veracruz por el paso del hurac\u00e1n \u201cGrace\u201d. Esta situaci\u00f3n ocurri\u00f3 en San Rafael, Mart\u00ednez de la Torre, Papantla, Tlapacoyan, Nautla y Guti\u00e9rrez Zamora, debido a las fuertes lluvias y vientos por el fen\u00f3meno [&hellip;]<\/p>\n","protected":false},"author":1,"featured_media":17738,"comment_status":"open","ping_status":"open","sticky":false,"template":"","format":"standard","meta":{"_jetpack_memberships_contains_paid_content":false,"footnotes":""},"categories":[2],"tags":[],"class_list":["post-17737","post","type-post","status-publish","format-standard","has-post-thumbnail","hentry","category-estado"],"jetpack_featured_media_url":"https:\/\/encuentroinformativo.com.mx\/wp-content\/uploads\/2021\/08\/4BF546B4-929B-4F3E-BFF8-209D67C8453D.jpeg","jetpack_sharing_enabled":true,"jetpack_likes_enabled":true,"amp_enabled":true,"_links":{"self":[{"href":"https:\/\/encuentroinformativo.com.mx\/index.php?rest_route=\/wp\/v2\/posts\/17737","targetHints":{"allow":["GET"]}}],"collection":[{"href":"https:\/\/encuentroinformativo.com.mx\/index.php?rest_route=\/wp\/v2\/posts"}],"about":[{"href":"https:\/\/encuentroinformativo.com.mx\/index.php?rest_route=\/wp\/v2\/types\/post"}],"author":[{"embeddable":true,"href":"https:\/\/encuentroinformativo.com.mx\/index.php?rest_route=\/wp\/v2\/users\/1"}],"replies":[{"embeddable":true,"href":"https:\/\/encuentroinformativo.com.mx\/index.php?rest_route=%2Fwp%2Fv2%2Fcomments&post=17737"}],"version-history":[{"count":1,"href":"https:\/\/encuentroinformativo.com.mx\/index.php?rest_route=\/wp\/v2\/posts\/17737\/revisions"}],"predecessor-version":[{"id":17740,"href":"https:\/\/encuentroinformativo.com.mx\/index.php?rest_route=\/wp\/v2\/posts\/17737\/revisions\/17740"}],"wp:featuredmedia":[{"embeddable":true,"href":"https:\/\/encuentroinformativo.com.mx\/index.php?rest_route=\/wp\/v2\/media\/17738"}],"wp:attachment":[{"href":"https:\/\/encuentroinformativo.com.mx\/index.php?rest_route=%2Fwp%2Fv2%2Fmedia&parent=17737"}],"wp:term":[{"taxonomy":"category","embeddable":true,"href":"https:\/\/encuentroinformativo.com.mx\/index.php?rest_route=%2Fwp%2Fv2%2Fcategories&post=17737"},{"taxonomy":"post_tag","embeddable":true,"href":"https:\/\/encuentroinformativo.com.mx\/index.php?rest_route=%2Fwp%2Fv2%2Ftags&post=17737"}],"curies":[{"name":"wp","href":"https:\/\/api.w.org\/{rel}","templated":true}]}}