{"id":17742,"date":"2021-08-25T13:13:48","date_gmt":"2021-08-25T18:13:48","guid":{"rendered":"https:\/\/encuentroinformativo.com.mx\/?p=17742"},"modified":"2021-08-25T13:13:52","modified_gmt":"2021-08-25T18:13:52","slug":"62-municipios-veracruzanos-con-danos-por-grace","status":"publish","type":"post","link":"https:\/\/encuentroinformativo.com.mx\/?p=17742","title":{"rendered":"62 municipios veracruzanos con da\u00f1os por Grace"},"content":{"rendered":"\n<p><strong>Dar\u00edo Pale<\/strong><\/p>\n\n\n\n<p>Xalapa, Ver.- Suman 62 municipios con afectaciones por el paso del hurac\u00e1n Grace, pero cifra todav\u00eda puede incrementar, as\u00ed lo inform\u00f3 el gobernador de Veracruz Cuitl\u00e1huac Garc\u00eda Jim\u00e9nez.<\/p>\n\n\n\n<p>Durante la conferencia de prensa ma\u00f1anera realizada en el 63 Batallon de Infanter\u00eda, se\u00f1alo que hay diferentes tipos de afectaciones por los fuertes vientos de 150 a 205 kil\u00f3metros por hora.<\/p>\n\n\n\n<p>Dio a conocer que por donde pas\u00f3 el hurac\u00e1n afect\u00f3 a un total de 24 municipios, ah\u00ed derrib\u00f3 postes de energ\u00eda el\u00e9ctrica y destech\u00f3 casas.<\/p>\n\n\n\n<p>&#8220;Son 24 municipios, los podemos resumir que es la Sierra del Totonacapan y la Sierra de la Huasteca Baja. Las principales necesidades en estos son: restablecer la red el\u00e9ctrica y el servicio al consumidor, restituir las l\u00e1minas \u00a0de viviendas y peque\u00f1os comercios costeros, el agua para consumo&#8221;, coment\u00f3.<\/p>\n\n\n\n<p>Por \u00faltimo coment\u00f3 que adem\u00e1s, debido a que se afectaron siembras, determin\u00f3 que se debe apoyar con la compra de ma\u00edz para dichas zonas serranas, as\u00ed como paquetes alimentarios para las zonas devastadas.<\/p>\n","protected":false},"excerpt":{"rendered":"<p>Dar\u00edo Pale Xalapa, Ver.- Suman 62 municipios con afectaciones por el paso del hurac\u00e1n Grace, pero cifra todav\u00eda puede incrementar, as\u00ed lo inform\u00f3 el gobernador de Veracruz Cuitl\u00e1huac Garc\u00eda Jim\u00e9nez. Durante la conferencia de prensa ma\u00f1anera realizada en el 63 Batallon de Infanter\u00eda, se\u00f1alo que hay diferentes tipos de afectaciones por los fuertes vientos de [&hellip;]<\/p>\n","protected":false},"author":1,"featured_media":17743,"comment_status":"open","ping_status":"open","sticky":false,"template":"","format":"standard","meta":{"_jetpack_memberships_contains_paid_content":false,"footnotes":""},"categories":[2],"tags":[],"class_list":["post-17742","post","type-post","status-publish","format-standard","has-post-thumbnail","hentry","category-estado"],"jetpack_featured_media_url":"https:\/\/encuentroinformativo.com.mx\/wp-content\/uploads\/2021\/08\/D760BC47-72D7-42BC-A861-CFC2B52EA564.jpeg","jetpack_sharing_enabled":true,"jetpack_likes_enabled":true,"amp_enabled":true,"_links":{"self":[{"href":"https:\/\/encuentroinformativo.com.mx\/index.php?rest_route=\/wp\/v2\/posts\/17742","targetHints":{"allow":["GET"]}}],"collection":[{"href":"https:\/\/encuentroinformativo.com.mx\/index.php?rest_route=\/wp\/v2\/posts"}],"about":[{"href":"https:\/\/encuentroinformativo.com.mx\/index.php?rest_route=\/wp\/v2\/types\/post"}],"author":[{"embeddable":true,"href":"https:\/\/encuentroinformativo.com.mx\/index.php?rest_route=\/wp\/v2\/users\/1"}],"replies":[{"embeddable":true,"href":"https:\/\/encuentroinformativo.com.mx\/index.php?rest_route=%2Fwp%2Fv2%2Fcomments&post=17742"}],"version-history":[{"count":1,"href":"https:\/\/encuentroinformativo.com.mx\/index.php?rest_route=\/wp\/v2\/posts\/17742\/revisions"}],"predecessor-version":[{"id":17744,"href":"https:\/\/encuentroinformativo.com.mx\/index.php?rest_route=\/wp\/v2\/posts\/17742\/revisions\/17744"}],"wp:featuredmedia":[{"embeddable":true,"href":"https:\/\/encuentroinformativo.com.mx\/index.php?rest_route=\/wp\/v2\/media\/17743"}],"wp:attachment":[{"href":"https:\/\/encuentroinformativo.com.mx\/index.php?rest_route=%2Fwp%2Fv2%2Fmedia&parent=17742"}],"wp:term":[{"taxonomy":"category","embeddable":true,"href":"https:\/\/encuentroinformativo.com.mx\/index.php?rest_route=%2Fwp%2Fv2%2Fcategories&post=17742"},{"taxonomy":"post_tag","embeddable":true,"href":"https:\/\/encuentroinformativo.com.mx\/index.php?rest_route=%2Fwp%2Fv2%2Ftags&post=17742"}],"curies":[{"name":"wp","href":"https:\/\/api.w.org\/{rel}","templated":true}]}}