{"id":17745,"date":"2021-08-25T13:41:34","date_gmt":"2021-08-25T18:41:34","guid":{"rendered":"https:\/\/encuentroinformativo.com.mx\/?p=17745"},"modified":"2021-08-25T13:41:37","modified_gmt":"2021-08-25T18:41:37","slug":"se-desplomo-helicoptero-de-la-marina-viajaba-secretario-de-gobierno","status":"publish","type":"post","link":"https:\/\/encuentroinformativo.com.mx\/?p=17745","title":{"rendered":"Se desplom\u00f3 helic\u00f3ptero de la Marina, viajaba secretario de Gobierno"},"content":{"rendered":"\n<p><strong>Juan Arcos<\/strong><\/p>\n\n\n\n<p>Xalapa, Ver.- El gobernador de Veracruz, Cuitl\u00e1huac Garc\u00eda Jim\u00e9nez, confirm\u00f3 el desplome del helic\u00f3ptero de la Secretar\u00eda de Marina, donde viajaba el secretario de Gobierno, Eric Patrocinio Cisneros Burgos.<\/p>\n\n\n\n<p>Los hechos ocurrieron al mediod\u00eda de este mi\u00e9rcoles 25 de agosto. El Centro de Control, Comando, Comunicaciones, C\u00f3mputo, Coordinaci\u00f3n e Inteligencia (C5i) del estado de Hidalgo, recibi\u00f3 un reporte a trav\u00e9s del n\u00famero de emergencia 911 sobre el accidente de una aeronave en el municipio de Agua Blanca de Iturbide.<\/p>\n\n\n\n<p>El helic\u00f3ptero cay\u00f3 sobre la unidad deportiva y en el sitio se encuentran cuerpos de auxilio, para atender a los pasajeros, quienes presentan heridas menores.<\/p>\n\n\n\n<p>En redes sociales, el mandatario estatal inform\u00f3 que el funcionario trataba de alcanzar por aire algunos puntos inaccesibles de la sierra de la Huasteca Baja, al norte de la entidad, donde diversos municipios resultaron afectados por el paso del hurac\u00e1n \u201cGrace\u201d.<\/p>\n\n\n\n<p>A\u00f1adi\u00f3 que Cisneros Burgos logr\u00f3 comunicarse por tel\u00e9fono con \u00e9l para informarle que a\u00fan con lesiones est\u00e1 estable y que no hay p\u00e9rdidas humanas.<\/p>\n\n\n\n<p>Por su parte, el Secretario de Gobierno indic\u00f3 que el percance ocurri\u00f3 cuando realizaba un sobrevuelo para el reconocimiento de zonas afectadas y que seguir\u00e1 ayudando a la poblaci\u00f3n vulnerable a\u00fan con lesiones.<\/p>\n\n\n\n<p>Horas antes, el presidente Andr\u00e9s Manuel L\u00f3pez Obrador, en su conferencia ma\u00f1anera, en la zona de Xalapa, anunci\u00f3 la cancelaci\u00f3n de su recorrido a\u00e9reo sobre zonas afectadas, debido a las condiciones del clima.<\/p>\n\n\n\n<p>Recientemente, la Comisi\u00f3n Nacional del Agua (Conagua) pronostic\u00f3 lluvias intensas durante este mi\u00e9rcoles y el jueves por una vaguada y el desplazamiento de la onda tropical n\u00famero 24.<\/p>\n","protected":false},"excerpt":{"rendered":"<p>Juan Arcos Xalapa, Ver.- El gobernador de Veracruz, Cuitl\u00e1huac Garc\u00eda Jim\u00e9nez, confirm\u00f3 el desplome del helic\u00f3ptero de la Secretar\u00eda de Marina, donde viajaba el secretario de Gobierno, Eric Patrocinio Cisneros Burgos. Los hechos ocurrieron al mediod\u00eda de este mi\u00e9rcoles 25 de agosto. El Centro de Control, Comando, Comunicaciones, C\u00f3mputo, Coordinaci\u00f3n e Inteligencia (C5i) del estado [&hellip;]<\/p>\n","protected":false},"author":1,"featured_media":17746,"comment_status":"open","ping_status":"open","sticky":false,"template":"","format":"standard","meta":{"_jetpack_memberships_contains_paid_content":false,"footnotes":""},"categories":[2],"tags":[],"class_list":["post-17745","post","type-post","status-publish","format-standard","has-post-thumbnail","hentry","category-estado"],"jetpack_featured_media_url":"https:\/\/encuentroinformativo.com.mx\/wp-content\/uploads\/2021\/08\/42522225-234C-4035-9830-B956DC160568.jpeg","jetpack_sharing_enabled":true,"jetpack_likes_enabled":true,"amp_enabled":true,"_links":{"self":[{"href":"https:\/\/encuentroinformativo.com.mx\/index.php?rest_route=\/wp\/v2\/posts\/17745","targetHints":{"allow":["GET"]}}],"collection":[{"href":"https:\/\/encuentroinformativo.com.mx\/index.php?rest_route=\/wp\/v2\/posts"}],"about":[{"href":"https:\/\/encuentroinformativo.com.mx\/index.php?rest_route=\/wp\/v2\/types\/post"}],"author":[{"embeddable":true,"href":"https:\/\/encuentroinformativo.com.mx\/index.php?rest_route=\/wp\/v2\/users\/1"}],"replies":[{"embeddable":true,"href":"https:\/\/encuentroinformativo.com.mx\/index.php?rest_route=%2Fwp%2Fv2%2Fcomments&post=17745"}],"version-history":[{"count":1,"href":"https:\/\/encuentroinformativo.com.mx\/index.php?rest_route=\/wp\/v2\/posts\/17745\/revisions"}],"predecessor-version":[{"id":17747,"href":"https:\/\/encuentroinformativo.com.mx\/index.php?rest_route=\/wp\/v2\/posts\/17745\/revisions\/17747"}],"wp:featuredmedia":[{"embeddable":true,"href":"https:\/\/encuentroinformativo.com.mx\/index.php?rest_route=\/wp\/v2\/media\/17746"}],"wp:attachment":[{"href":"https:\/\/encuentroinformativo.com.mx\/index.php?rest_route=%2Fwp%2Fv2%2Fmedia&parent=17745"}],"wp:term":[{"taxonomy":"category","embeddable":true,"href":"https:\/\/encuentroinformativo.com.mx\/index.php?rest_route=%2Fwp%2Fv2%2Fcategories&post=17745"},{"taxonomy":"post_tag","embeddable":true,"href":"https:\/\/encuentroinformativo.com.mx\/index.php?rest_route=%2Fwp%2Fv2%2Ftags&post=17745"}],"curies":[{"name":"wp","href":"https:\/\/api.w.org\/{rel}","templated":true}]}}